{"id":4925,"date":"2025-01-12T08:22:00","date_gmt":"2025-01-12T07:22:00","guid":{"rendered":"https:\/\/www.brettl.at\/blog\/?p=4925"},"modified":"2025-01-12T08:22:00","modified_gmt":"2025-01-12T07:22:00","slug":"minderjaehrige-auswanderungswillige","status":"publish","type":"post","link":"https:\/\/www.brettl.at\/blog\/minderjaehrige-auswanderungswillige\/","title":{"rendered":"Minderj\u00e4hrige Auswanderungswillige"},"content":{"rendered":"<p>Die Emigranten nach Argentinien in der Zwischenkriegszeit geh\u00f6rten fast ausschlie\u00dflich der jungen Generation an. Besonders hoch war der Anteil der Emigranten im Alter zwischen 21 und 30 Jahren, ab dem 45. Lebensjahr war die Auswanderung bereits eine Seltenheit. Dadurch wird einerseits die gro\u00dfe Mobilit\u00e4t der Jugend verdeutlicht, andererseits ist die niedrige Altersstruktur ein klares Indiz daf\u00fcr, dass die Jugend in ihrer Heimat Burgenland bzw. \u00d6sterreich keine Chance sah, eine wirtschaftliche Verbesserung zu erreichen. Die Zukunft lag f\u00fcr sie in einem Neubeginn in einer fernen Welt, wo eine Verbesserung des Lebensstandards m\u00f6glich schien. Selbst Minderj\u00e4hrige brachen in die Ferne auf.<br \/>\n<a href=\"https:\/\/www.brettl.at\/wp-content\/uploads\/2025\/01\/Reisepass.jpg\"><img decoding=\"async\" class=\"alignleft size-medium wp-image-4926\" src=\"https:\/\/www.brettl.at\/wp-content\/uploads\/2025\/01\/Reisepass-300x94.jpg\" alt=\"\" width=\"300\" height=\"94\" srcset=\"https:\/\/www.brettl.at\/wp-content\/uploads\/2025\/01\/Reisepass-200x63.jpg 200w, https:\/\/www.brettl.at\/wp-content\/uploads\/2025\/01\/Reisepass-300x94.jpg 300w, https:\/\/www.brettl.at\/wp-content\/uploads\/2025\/01\/Reisepass-400x126.jpg 400w, https:\/\/www.brettl.at\/wp-content\/uploads\/2025\/01\/Reisepass-600x189.jpg 600w, https:\/\/www.brettl.at\/wp-content\/uploads\/2025\/01\/Reisepass-768x242.jpg 768w, https:\/\/www.brettl.at\/wp-content\/uploads\/2025\/01\/Reisepass-800x252.jpg 800w, https:\/\/www.brettl.at\/wp-content\/uploads\/2025\/01\/Reisepass-1024x322.jpg 1024w, https:\/\/www.brettl.at\/wp-content\/uploads\/2025\/01\/Reisepass-1200x378.jpg 1200w, https:\/\/www.brettl.at\/wp-content\/uploads\/2025\/01\/Reisepass.jpg 1392w\" sizes=\"(max-width: 300px) 100vw, 300px\" \/><\/a>Das Bundeskanzleramt Wien an die Bezirkshauptmannschaft Oberpullendorf 1930:<br \/>\n<em>\u201eJosefa Schl\u00f6gl, geboren am 3. M\u00e4rz 1909 in Rattersdorf, zust\u00e4ndig nach Wien erhielt am 28. Dezember 1929 der ihr von dortsamts ausgestellten Reisepass, zur Reise nach Argentinien, ausgefolgt. Das Wanderungsamt hat sich hiebei von folgenden Erw\u00e4gungen leiten lassen:<br \/>\n<\/em><em>Die Partei, welche bereits am 3. M\u00e4rz 1930 vollj\u00e4hrig wird, sollte am 2. J\u00e4nner 1930 von Wien \u00fcber Bremen nach Buenos Aires in Begleitung einer m\u00fctterlichen Freundin, Frau Maria Rosner, mit dem am 6. J\u00e4nner abgehenden Dampfer \u201aSierra Cordoba\u2018 abreisen. Dort wird sie von ihrem Cousin Eduard Rupp erwartet, welcher weiterhin f\u00fcr sie sorgen und ihr eine Stelle verschaffen wird. Er hat ihr auch die Schiffkarte gesendet.<br \/>\n<\/em><em>Mit R\u00fccksicht auf die kurze Zeit, die noch bis zur Ausreise zur Verf\u00fcgung gestanden w\u00e4re, in welcher eine Zustimmungserkl\u00e4rung des weder der Partei noch h.a. bekannten Vormundschaftsgerichtes nicht mehr eingeholt werden konnte und darauf, dass bei einer Nichtausfolgung des Reisepasses die Partei gezwungen gewesen w\u00e4re, nach Erlangung der Vollj\u00e4hrigkeit, also im M\u00e4rz dieses Jahres allein ohne Begleitung und ohne in Buenos Aires Hilfe zu finden auszureisen. W\u00fcrde der Reisepass ausnahmsweise ohne eine schriftliche Zustimmungserkl\u00e4rung des Vaters ausgefolgt.<br \/>\n<\/em><em>Hiezu bemerkt des Wanderungsamt, dass nach Angabe der Partei der Vater sich nie um sein Kind gek\u00fcmmert hat und dass Josefa Schl\u00f6gl von der indes verstorbenen Tante Josefa B\u00f6hm in Rattersdorf aufgezogen und nach deren Tode bei ihrem Onkel Alois Schl\u00f6gl, Rattersdorf, wohnte.<br \/>\n<\/em><em>Wie die Partei hier angab, war ihr Vater mit der Ausreise ohne weiteres einverstanden und wenn derselbe nunmehr Reklamation erhebt, so ist dies wohl nur darauf zur\u00fcckzuf\u00fchren, dass er seiner Tochter, der er seine Erbschaft missg\u00f6nnt, Unannehmlichkeiten bereiten will.<br \/>\n<\/em><em>Der Leiter der Auskunftsstelle\u201c<br \/>\n<\/em>(BLA. BH Oberpullendorf. 29. Gruppe XI. Vorfallenheitsberichte. Zl. XIV-88\/1930. 221\/27)<\/p>\n","protected":false},"excerpt":{"rendered":"<p>Die Emigranten nach Argentinien in der Zwischenkriegszeit geh\u00f6rten fast ausschlie\u00dflich der jungen Generation an. <\/p>\n","protected":false},"author":3,"featured_media":4926,"comment_status":"open","ping_status":"open","sticky":false,"template":"","format":"standard","meta":{"footnotes":""},"categories":[288,32],"tags":[207],"class_list":["post-4925","post","type-post","status-publish","format-standard","has-post-thumbnail","hentry","category-288","category-migration","tag-rattersdorf"],"_links":{"self":[{"href":"https:\/\/www.brettl.at\/blog\/wp-json\/wp\/v2\/posts\/4925","targetHints":{"allow":["GET"]}}],"collection":[{"href":"https:\/\/www.brettl.at\/blog\/wp-json\/wp\/v2\/posts"}],"about":[{"href":"https:\/\/www.brettl.at\/blog\/wp-json\/wp\/v2\/types\/post"}],"author":[{"embeddable":true,"href":"https:\/\/www.brettl.at\/blog\/wp-json\/wp\/v2\/users\/3"}],"replies":[{"embeddable":true,"href":"https:\/\/www.brettl.at\/blog\/wp-json\/wp\/v2\/comments?post=4925"}],"version-history":[{"count":1,"href":"https:\/\/www.brettl.at\/blog\/wp-json\/wp\/v2\/posts\/4925\/revisions"}],"predecessor-version":[{"id":4927,"href":"https:\/\/www.brettl.at\/blog\/wp-json\/wp\/v2\/posts\/4925\/revisions\/4927"}],"wp:featuredmedia":[{"embeddable":true,"href":"https:\/\/www.brettl.at\/blog\/wp-json\/wp\/v2\/media\/4926"}],"wp:attachment":[{"href":"https:\/\/www.brettl.at\/blog\/wp-json\/wp\/v2\/media?parent=4925"}],"wp:term":[{"taxonomy":"category","embeddable":true,"href":"https:\/\/www.brettl.at\/blog\/wp-json\/wp\/v2\/categories?post=4925"},{"taxonomy":"post_tag","embeddable":true,"href":"https:\/\/www.brettl.at\/blog\/wp-json\/wp\/v2\/tags?post=4925"}],"curies":[{"name":"wp","href":"https:\/\/api.w.org\/{rel}","templated":true}]}}