{"id":4989,"date":"2025-05-04T06:38:30","date_gmt":"2025-05-04T04:38:30","guid":{"rendered":"https:\/\/www.brettl.at\/blog\/?p=4989"},"modified":"2025-05-04T06:38:30","modified_gmt":"2025-05-04T04:38:30","slug":"gehoert-kleinhoeflein-und-st-georgen-zu-eisenstadt","status":"publish","type":"post","link":"https:\/\/www.brettl.at\/blog\/gehoert-kleinhoeflein-und-st-georgen-zu-eisenstadt\/","title":{"rendered":"Geh\u00f6rt Kleinh\u00f6flein und St. Georgen zu Eisenstadt?"},"content":{"rendered":"<p>1939 wurde die Landeshauptstadt Eisenstadt durch einen nationalsozialistischen Gesetzesbeschluss zu \u201eGro\u00df-Eisenstadt\u201c erhoben. Die Nachbarorte Unterberg, Oberberg, Kleinh\u00f6flein und Sankt Georgen wurden zwangsweise eingemeindet, sodass die Einwohnerzahl von \u201eGro\u00df-Eisenstadt\u201c auf 8.879 Personen anstieg. W\u00e4hrend Oberberg und Unterberg mit der Freistadt Eisenstadt vielfach verschmolzen bzw. die j\u00fcdische Gemeinde Unterberg nicht wiederentstand, wollten St. Georgen und Kleinh\u00f6flein diese Eingemeindung wieder r\u00fcckg\u00e4ngig machen.<\/p>\n<div id=\"attachment_4990\" style=\"width: 310px\" class=\"wp-caption alignleft\"><a href=\"https:\/\/www.brettl.at\/wp-content\/uploads\/2025\/05\/\u00a9Guenter-Nikles-Guessing.jpg\"><img decoding=\"async\" aria-describedby=\"caption-attachment-4990\" class=\"size-medium wp-image-4990\" src=\"https:\/\/www.brettl.at\/wp-content\/uploads\/2025\/05\/\u00a9Guenter-Nikles-Guessing-300x225.jpg\" alt=\"\" width=\"300\" height=\"225\" srcset=\"https:\/\/www.brettl.at\/wp-content\/uploads\/2025\/05\/\u00a9Guenter-Nikles-Guessing-200x150.jpg 200w, https:\/\/www.brettl.at\/wp-content\/uploads\/2025\/05\/\u00a9Guenter-Nikles-Guessing-300x225.jpg 300w, https:\/\/www.brettl.at\/wp-content\/uploads\/2025\/05\/\u00a9Guenter-Nikles-Guessing-400x300.jpg 400w, https:\/\/www.brettl.at\/wp-content\/uploads\/2025\/05\/\u00a9Guenter-Nikles-Guessing-600x450.jpg 600w, https:\/\/www.brettl.at\/wp-content\/uploads\/2025\/05\/\u00a9Guenter-Nikles-Guessing.jpg 644w\" sizes=\"(max-width: 300px) 100vw, 300px\" \/><\/a><p id=\"caption-attachment-4990\" class=\"wp-caption-text\">\u00a9 G\u00fcnter Nikles, G\u00fcssing<\/p><\/div>\n<p>\u00dcber diese Frage berichtete die Zeitung Freies Burgenland im Dezember 1945:<br \/>\n\u201eIn seiner letzten Sitzung vom 7. Dezember 1945 besch\u00e4ftigte sich der Stadtrat der Freistadt Eisenstadt auch mit der Frage der Eingemeindung der Gemeinden Unterberg- und Oberberg-Eisenstadt, Klein-H\u00f6flein und Sankt Georgen. Da in diesem Punkt keine einhellige Meinung besteht, wird sich die neugew\u00e4hlte burgenl\u00e4ndischen Landesregierung auf Grund solcher F\u00e4lle vorgesehenen Verfassungsgesetzes (Statut Freistadt Eisenstadt) mit dieser Frage noch eingehen befassen m\u00fcssen.<br \/>\nEine der ersten diktatorischen Verf\u00fcgungen des Naziregimes in Eisenstadt war der zwangsweise Anschlu\u00df der vier Nachbargemeinden an die Freistadt. Heute steht auch dieses Erbst\u00fcck der Naziherrschaft als ein kompliziertes und schwieriges Problem vor uns. W\u00e4hrend manche wirtschaftspolitische Gr\u00fcnde f\u00fcr die Beibehaltung des gegenw\u00e4rtig noch bestehenden Anschlusses sprechen darf andererseits die Tatsache nicht \u00fcbersehen werden, da\u00df die Zusammenlegung im Jahre 1938 von den Nazi durch ein Zwangsdekret vorgenommen wurde, w\u00e4hrend allein der Wille der Bev\u00f6lkerung f\u00fcr die Zugeh\u00f6rigkeit entscheidend sein mu\u00df. Verst\u00e4ndlicherweise wehren sich die beiden Landgemeinden Sankt Georgen und Klein-H\u00f6flein gegen die Fesselung an Eisenstadt und berufen sich auf die b\u00e4uerliche Struktur ihres Ortes und auf die ungesetzliche Verf\u00fcgung des Jahres 1938. Anders liegen die Dinge bei Untergerb- und Oberberg-Eisenstadt. Diese zwei Gemeinden bilden l\u00e4ngst einen organisch zusammenh\u00e4ngenden Bestandteil der Stadt und sind mit ihr auf das engste verschmolzen.<br \/>\nDie L\u00f6sung dieses Fragenkomplexes kann unserer Meinung nach nur demokratisch erfolgen: Alle hiervon betroffenen Gemeinden m\u00fcssen geh\u00f6rt und ihr Standpunkt, soweit er nicht zum gesamtwohl der Bev\u00f6lkerung im Gegensatz steht, weitestgehend ber\u00fccksichtigt werden.\u201c<br \/>\n(Freies Burgenland vom 14. Dezember 1945, S. 4)<br \/>\n1948 wurden die beiden Gemeinden nach einem Gesetzesbeschluss des burgenl\u00e4ndischen Landtages wieder selbst\u00e4ndig, so dass die Einwohnerzahl von Eisenstadt 1951 nur noch 5.738 betrug. Am 1. J\u00e4nner 1971 erfolgte abermals durch einen Gesetzesbeschluss die Eingemeindung von Kleinh\u00f6flein und St. Georgen.<\/p>\n","protected":false},"excerpt":{"rendered":"<p>1939 wurde die Landeshauptstadt Eisenstadt durch einen nationalsozialistischen Gesetzesbeschluss zu \u201eGro\u00df-Eisenstadt\u201c erhoben. <\/p>\n","protected":false},"author":3,"featured_media":4990,"comment_status":"open","ping_status":"open","sticky":false,"template":"","format":"standard","meta":{"footnotes":""},"categories":[288,69],"tags":[54,202,131],"class_list":["post-4989","post","type-post","status-publish","format-standard","has-post-thumbnail","hentry","category-288","category-besatzungszeit","tag-eisenstadt","tag-kleinhoeflein","tag-st-georgen"],"_links":{"self":[{"href":"https:\/\/www.brettl.at\/blog\/wp-json\/wp\/v2\/posts\/4989","targetHints":{"allow":["GET"]}}],"collection":[{"href":"https:\/\/www.brettl.at\/blog\/wp-json\/wp\/v2\/posts"}],"about":[{"href":"https:\/\/www.brettl.at\/blog\/wp-json\/wp\/v2\/types\/post"}],"author":[{"embeddable":true,"href":"https:\/\/www.brettl.at\/blog\/wp-json\/wp\/v2\/users\/3"}],"replies":[{"embeddable":true,"href":"https:\/\/www.brettl.at\/blog\/wp-json\/wp\/v2\/comments?post=4989"}],"version-history":[{"count":1,"href":"https:\/\/www.brettl.at\/blog\/wp-json\/wp\/v2\/posts\/4989\/revisions"}],"predecessor-version":[{"id":4991,"href":"https:\/\/www.brettl.at\/blog\/wp-json\/wp\/v2\/posts\/4989\/revisions\/4991"}],"wp:featuredmedia":[{"embeddable":true,"href":"https:\/\/www.brettl.at\/blog\/wp-json\/wp\/v2\/media\/4990"}],"wp:attachment":[{"href":"https:\/\/www.brettl.at\/blog\/wp-json\/wp\/v2\/media?parent=4989"}],"wp:term":[{"taxonomy":"category","embeddable":true,"href":"https:\/\/www.brettl.at\/blog\/wp-json\/wp\/v2\/categories?post=4989"},{"taxonomy":"post_tag","embeddable":true,"href":"https:\/\/www.brettl.at\/blog\/wp-json\/wp\/v2\/tags?post=4989"}],"curies":[{"name":"wp","href":"https:\/\/api.w.org\/{rel}","templated":true}]}}