{"id":5007,"date":"2025-06-08T11:38:56","date_gmt":"2025-06-08T09:38:56","guid":{"rendered":"https:\/\/www.brettl.at\/blog\/?p=5007"},"modified":"2025-06-08T11:38:56","modified_gmt":"2025-06-08T09:38:56","slug":"nationalgarde-als-ordnungsmacht","status":"publish","type":"post","link":"https:\/\/www.brettl.at\/blog\/nationalgarde-als-ordnungsmacht\/","title":{"rendered":"Nationalgarde als Ordnungsmacht"},"content":{"rendered":"<p>Im Sp\u00e4tsommer 1918 erreichten immer mehr Hiobsbotschaften die D\u00f6rfer in Westungarn. Die Bev\u00f6lkerung h\u00f6rte von gescheiterten Offensiven, Abwehrschlachten, R\u00fcckz\u00fcgen, sozialen Unruhen, Hungerdemonstrationen in den St\u00e4dten, Desertationen und Meutereien von Soldaten und anderen ersch\u00fctternden Nachrichten. Immer mehr Soldaten entfernten sich selbst\u00e4ndig von der Front und kehrten eigenm\u00e4chtig in ihre Heimat zur\u00fcck. Bewaffnete Deserteure und ehemalige Kriegsgefangene zogen pl\u00fcndernd durch die D\u00f6rfer und verbreiteten Schrecken in der Zivilbev\u00f6lkerung. Zur Aufrechterhaltung der Ordnung und zum Schutz der Bev\u00f6lkerung bildeten sich in einigen Orten Nationalgarden. \u00c4ltere M\u00e4nner und heimgekehrte Soldaten bildeten diese bewaffneten Selbstschutzformationen. Mit einem Aufruf informiert der Regierungskommiss\u00e4r die Mitglieder der Nationalgarde \u00fcber deren Entlohnung:<br \/>\n<a href=\"https:\/\/www.brettl.at\/wp-content\/uploads\/2025\/06\/Garde.jpg\"><img decoding=\"async\" class=\"alignleft size-medium wp-image-5008\" src=\"https:\/\/www.brettl.at\/wp-content\/uploads\/2025\/06\/Garde-300x239.jpg\" alt=\"\" width=\"300\" height=\"239\" srcset=\"https:\/\/www.brettl.at\/wp-content\/uploads\/2025\/06\/Garde-177x142.jpg 177w, https:\/\/www.brettl.at\/wp-content\/uploads\/2025\/06\/Garde-200x159.jpg 200w, https:\/\/www.brettl.at\/wp-content\/uploads\/2025\/06\/Garde-300x239.jpg 300w, https:\/\/www.brettl.at\/wp-content\/uploads\/2025\/06\/Garde-400x318.jpg 400w, https:\/\/www.brettl.at\/wp-content\/uploads\/2025\/06\/Garde-600x478.jpg 600w, https:\/\/www.brettl.at\/wp-content\/uploads\/2025\/06\/Garde-768x611.jpg 768w, https:\/\/www.brettl.at\/wp-content\/uploads\/2025\/06\/Garde-800x637.jpg 800w, https:\/\/www.brettl.at\/wp-content\/uploads\/2025\/06\/Garde-1024x815.jpg 1024w, https:\/\/www.brettl.at\/wp-content\/uploads\/2025\/06\/Garde-1200x955.jpg 1200w, https:\/\/www.brettl.at\/wp-content\/uploads\/2025\/06\/Garde-1536x1222.jpg 1536w, https:\/\/www.brettl.at\/wp-content\/uploads\/2025\/06\/Garde.jpg 1548w\" sizes=\"(max-width: 300px) 100vw, 300px\" \/><\/a>\u201eAufruf an s\u00e4mtliche Nationalgarden des Landes.<br \/>\nUnter der pl\u00f6tzlichen Umgestaltung Ungarns haben sich \u2013 auf Aufforderung des Nationalrates und Kriegsministers \u2013 gegen die Ordnungsst\u00f6rer verschiedenartige Truppen (gruppen) gebildet.<br \/>\nJene Nationalgardisten, welche ihrer Aufgabe wahrhaft entsprochen haben, haben der Revolution gro\u00dfe Dienste geleistet und haben Anspruch auf den Dank des Volksstaates. Ihre Bildung ist zu berechnen, die Ordnung derselben ist jetzt im Zuge.<br \/>\nFordere s\u00e4mtliche Nationalgarden-Gestaltungen auf, ihren Stand, Arbeitseinteilung und Erfolge an den Komitats-Nationalrat und Verwaltungsorgane, oder aber an den Komitats-Regierungskommiss\u00e4r anmelden, damit obige Beh\u00f6rden meinen entsendenden Kontrollorganen p\u00fcnktliche Daten bieten k\u00f6nnen. Die Tagesdi\u00e4ten von 20 Kronen zahlen wir au\u00dfer der Verpflegung bis inklusive 11. November, von diesem Datum an aber au\u00dfer Verpflegung 10 Kronen an den sich notwendig meldenden Stand.<br \/>\nJeden Nationalgardisten ersuche ich wegen Auszahlung der Di\u00e4ten einige Tage Geduld zu haben, da bedauerlicherweise im Lande Viele ohne Grund ihr Geld verborgen haben und dies nur dann in verkehr zur\u00fcckgelangt, wenn vom 16. Dieses Monates angefangen der Regierung stufenweise gen\u00fcgend Banknoten zur Verf\u00fcgung stehen werden.<br \/>\nBei den unabh\u00e4nglichen [sic!] ungarischen Staate kann jeder sein Guthaben beruhigt einige Tage belassen. Vergessen wir nicht, da\u00df die Pflicht der Volksregierung die Sicherung des Geldwertes obliegt. K\u00fcnftige Woche werden schon Bankscheinen in gen\u00fcgender Anzahl zur Verf\u00fcgung stehen, bis dahin Sonntag (17.) bekommen die Steuer\u00e4mter stufenweise jene Gelder, welche zur Auszahlung der Nationalgarde-Kommandanten notwendig sind.<br \/>\nNationalgardisten! Scheidet aus Eurer Mitte jene erb\u00e4rmlichen Menschen aus, welche unter den edlen Zeichen der Nationalgardeerpressungen oder andere Mi\u00dfbr\u00e4uche sich zu Schulden kommen lassen, solche sind zu entwaffnen, wor\u00fcber ich mir Bericht zu erstatten bitte. [sic!]<br \/>\nGesch\u00e4tzte Nationalgardisten! Verseht eure Pflichten mit Hingabe und Ordnung, und wartet ruhig auf den Tage der Auszahlung.<br \/>\nLadislaus F\u00e9nyes, Regierungskommiss\u00e4r des [sic!] ungarischen Nationalgarde.\u201c<br \/>\n(Plakatsammlung Brettl, Halbturn)<\/p>\n","protected":false},"excerpt":{"rendered":"<p>Im Sp\u00e4tsommer 1918 erreichten immer mehr Hiobsbotschaften die D\u00f6rfer in Westungarn. <\/p>\n","protected":false},"author":3,"featured_media":5008,"comment_status":"open","ping_status":"open","sticky":false,"template":"","format":"standard","meta":{"footnotes":""},"categories":[288,21,38],"tags":[],"class_list":["post-5007","post","type-post","status-publish","format-standard","has-post-thumbnail","hentry","category-288","category-i-weltkrieg","category-westungarn"],"_links":{"self":[{"href":"https:\/\/www.brettl.at\/blog\/wp-json\/wp\/v2\/posts\/5007","targetHints":{"allow":["GET"]}}],"collection":[{"href":"https:\/\/www.brettl.at\/blog\/wp-json\/wp\/v2\/posts"}],"about":[{"href":"https:\/\/www.brettl.at\/blog\/wp-json\/wp\/v2\/types\/post"}],"author":[{"embeddable":true,"href":"https:\/\/www.brettl.at\/blog\/wp-json\/wp\/v2\/users\/3"}],"replies":[{"embeddable":true,"href":"https:\/\/www.brettl.at\/blog\/wp-json\/wp\/v2\/comments?post=5007"}],"version-history":[{"count":1,"href":"https:\/\/www.brettl.at\/blog\/wp-json\/wp\/v2\/posts\/5007\/revisions"}],"predecessor-version":[{"id":5009,"href":"https:\/\/www.brettl.at\/blog\/wp-json\/wp\/v2\/posts\/5007\/revisions\/5009"}],"wp:featuredmedia":[{"embeddable":true,"href":"https:\/\/www.brettl.at\/blog\/wp-json\/wp\/v2\/media\/5008"}],"wp:attachment":[{"href":"https:\/\/www.brettl.at\/blog\/wp-json\/wp\/v2\/media?parent=5007"}],"wp:term":[{"taxonomy":"category","embeddable":true,"href":"https:\/\/www.brettl.at\/blog\/wp-json\/wp\/v2\/categories?post=5007"},{"taxonomy":"post_tag","embeddable":true,"href":"https:\/\/www.brettl.at\/blog\/wp-json\/wp\/v2\/tags?post=5007"}],"curies":[{"name":"wp","href":"https:\/\/api.w.org\/{rel}","templated":true}]}}