{"id":5020,"date":"2025-07-06T13:06:50","date_gmt":"2025-07-06T11:06:50","guid":{"rendered":"https:\/\/www.brettl.at\/blog\/?p=5020"},"modified":"2025-07-06T13:06:50","modified_gmt":"2025-07-06T11:06:50","slug":"ueberfaelle-auf-die-fabrik-in-siegendorf","status":"publish","type":"post","link":"https:\/\/www.brettl.at\/blog\/ueberfaelle-auf-die-fabrik-in-siegendorf\/","title":{"rendered":"\u00dcberf\u00e4lle auf die Fabrik in Siegendorf"},"content":{"rendered":"<p>Der aus Bayern stammende Conrad Patzenhofer er\u00f6ffnete 1852 in Siegendorf eine R\u00fcbenzuckerfabrik. Die Fabrik wurde in den n\u00e4chsten Jahrzehnten sukzessive ausgebaut und bot hunderten von Arbeitern einen Arbeitsplatz. Aus der landwirtschaftlich gepr\u00e4gten Gemeinde Siegendorf wurde eine der ersten Arbeitergemeinden des heutigen Burgenlandes. Mit Kriegsende und dem Zusammenbruch der Monarchie im Herbst 1918 herrschten in vielen Orten, insbesondere in den Arbeiterzentren, anarchistische Zust\u00e4nde. So auch in Siegendorf, wie die \u00d6denburger Zeitung berichtet:<br \/>\n<a href=\"https:\/\/www.brettl.at\/wp-content\/uploads\/2025\/07\/Fabrik.jpeg\"><img decoding=\"async\" class=\"alignleft size-medium wp-image-5022\" src=\"https:\/\/www.brettl.at\/wp-content\/uploads\/2025\/07\/Fabrik-300x147.jpeg\" alt=\"\" width=\"300\" height=\"147\" srcset=\"https:\/\/www.brettl.at\/wp-content\/uploads\/2025\/07\/Fabrik-200x98.jpeg 200w, https:\/\/www.brettl.at\/wp-content\/uploads\/2025\/07\/Fabrik-300x147.jpeg 300w, https:\/\/www.brettl.at\/wp-content\/uploads\/2025\/07\/Fabrik-400x196.jpeg 400w, https:\/\/www.brettl.at\/wp-content\/uploads\/2025\/07\/Fabrik-600x293.jpeg 600w, https:\/\/www.brettl.at\/wp-content\/uploads\/2025\/07\/Fabrik-768x375.jpeg 768w, https:\/\/www.brettl.at\/wp-content\/uploads\/2025\/07\/Fabrik-800x391.jpeg 800w, https:\/\/www.brettl.at\/wp-content\/uploads\/2025\/07\/Fabrik-1024x500.jpeg 1024w, https:\/\/www.brettl.at\/wp-content\/uploads\/2025\/07\/Fabrik.jpeg 1068w\" sizes=\"(max-width: 300px) 100vw, 300px\" \/><\/a>\u201eWie es in Czinfalva zugeht!<br \/>\nVon Herrn Conrad Patzenhofer, dem Besitzer der Zuckerfabrik in Czinfalva (Siegendorf) erhalten wir eine Zuschrift, in welcher er uns die ganz unglaublichen Zust\u00e4nde dort schildert. Er gibt seiner Verwunderung dar\u00fcber Ausdruck, da\u00df behauptet wird, dort sei alles ruhig. Herr v. Patzenhofer wei\u00df das besser, da jeden zweiten Tag bewaffnete Angriffe auf die Fabrik stattfinden. Man kann wirklich nicht behaupten, dass das gem\u00fctliche Zust\u00e4nde seien! Auch in der Nacht des 2. November hat ein Feuergefecht zwischen der Bewachungssoldaten der Fabrik und den Einwohnern von Siegendorf stattgefunden. Da die Di\u00e4ten f\u00fcr die Nationalgarde unklugerweise auf zehn Kronen per Tag herabgesetzt wurden, so hatte dieselbe nichts eiligeres zu tun, als sich schleunigst aufzul\u00f6sen. Mit diesem Schutz ist also nicht mehr zu rechnen, dagegen wurde nur ein Teil der Gewehre wieder abgeliefert. An Schu\u00dfwaffen ist aber sonst kein Mangel in Czinfalva, sonst k\u00f6nnten die geschilderten Angriffe ja nicht fortw\u00e4hrend sich wiederholen.<br \/>\nAuch betreffs des ersten \u00dcberfalles, der in der Nacht vom 10. Auf den 11. d. erfolgte, erhalten wir nachtr\u00e4glich noch folgende Schilderung: Es drangen etwas drei\u00dfig bewaffnete Burschen in die Fabrik und der diensttuende Beamte wurde mit vorgehaltenem Gewehr gezwungen, ihnen Zucker schleudern zu lassen. Eine Abteilung drang auch in das Magazin und raubte dort eine gro\u00dfe Partie Baumwollt\u00fccher, welche f\u00fcr die Filterpressen unentbehrlich sind. Sp\u00e4t erst kam die Gendarmerie und Finanzwache und vertrieb durch einige Sch\u00fcsse die frechen Eindringlinge.<br \/>\nWir erlauben uns nun bei der zust\u00e4ndigen Beh\u00f6rde anzufragen: W\u00e4re es nicht an der Zeit \u2013 wir glauben es ist allerh\u00f6chste Zeit \u2013 gegen solche Zust\u00e4nde ganz energisch einzuschreiten? Den Unbefugten die Waffen abzunehmen, geht es nicht in G\u00fcte, dann mit Gewalt! Und beim n\u00e4chsten \u00dcberfall ganz r\u00fccksichtslos die R\u00e4uber \u2013 denn das sind sie \u2013 unter Feuer zu nehmen? Mit Nachsicht und sanfter Duldung ist da nichts zu machen. Die Leutchen sollen mal sehen, da\u00df das, was sie f\u00fcr einen guten Spa\u00df halten, keiner ist, und die Lust zu solchen \u00dcberf\u00e4llen wird ihnen schon vergehen, hoffentlich ganz und f\u00fcr immer und ohne, da\u00df es zum \u00c4u\u00dfersten kommt. (\u00d6denburger Zeitung vom 23. November 1918, S.2)<\/p>\n","protected":false},"excerpt":{"rendered":"<p>Der aus Bayern stammende Conrad Patzenhofer er\u00f6ffnete 1852 in Siegendorf eine R\u00fcbenzuckerfabrik. <\/p>\n","protected":false},"author":3,"featured_media":5022,"comment_status":"open","ping_status":"open","sticky":false,"template":"","format":"standard","meta":{"footnotes":""},"categories":[288,21],"tags":[137],"class_list":["post-5020","post","type-post","status-publish","format-standard","has-post-thumbnail","hentry","category-288","category-i-weltkrieg","tag-siegendorf"],"_links":{"self":[{"href":"https:\/\/www.brettl.at\/blog\/wp-json\/wp\/v2\/posts\/5020","targetHints":{"allow":["GET"]}}],"collection":[{"href":"https:\/\/www.brettl.at\/blog\/wp-json\/wp\/v2\/posts"}],"about":[{"href":"https:\/\/www.brettl.at\/blog\/wp-json\/wp\/v2\/types\/post"}],"author":[{"embeddable":true,"href":"https:\/\/www.brettl.at\/blog\/wp-json\/wp\/v2\/users\/3"}],"replies":[{"embeddable":true,"href":"https:\/\/www.brettl.at\/blog\/wp-json\/wp\/v2\/comments?post=5020"}],"version-history":[{"count":1,"href":"https:\/\/www.brettl.at\/blog\/wp-json\/wp\/v2\/posts\/5020\/revisions"}],"predecessor-version":[{"id":5023,"href":"https:\/\/www.brettl.at\/blog\/wp-json\/wp\/v2\/posts\/5020\/revisions\/5023"}],"wp:featuredmedia":[{"embeddable":true,"href":"https:\/\/www.brettl.at\/blog\/wp-json\/wp\/v2\/media\/5022"}],"wp:attachment":[{"href":"https:\/\/www.brettl.at\/blog\/wp-json\/wp\/v2\/media?parent=5020"}],"wp:term":[{"taxonomy":"category","embeddable":true,"href":"https:\/\/www.brettl.at\/blog\/wp-json\/wp\/v2\/categories?post=5020"},{"taxonomy":"post_tag","embeddable":true,"href":"https:\/\/www.brettl.at\/blog\/wp-json\/wp\/v2\/tags?post=5020"}],"curies":[{"name":"wp","href":"https:\/\/api.w.org\/{rel}","templated":true}]}}