{"id":5074,"date":"2025-10-18T10:22:19","date_gmt":"2025-10-18T08:22:19","guid":{"rendered":"https:\/\/www.brettl.at\/blog\/?p=5074"},"modified":"2025-10-18T10:22:19","modified_gmt":"2025-10-18T08:22:19","slug":"kein-hitlergruss","status":"publish","type":"post","link":"https:\/\/www.brettl.at\/blog\/kein-hitlergruss\/","title":{"rendered":"Kein Hitlergru\u00df"},"content":{"rendered":"<p>Auch im Burgenland nahmen Vertreter der Kirche mit ihrer kritischen Einstellung eine oppositionelle Haltung zum NS-Regime ein. So auch der Pfarrer von St. Margarethen, Johann Ecker, der des \u00d6fteren mit den NS-Beh\u00f6rden in Konflikt kam. Bereits 1939 wurde ihm die Lehrbeauftragung entzogen, da er den \u201eHeil Hitler-Gru\u00df\u201c verweigerte. In seiner Stellungnahme vor der Gestapo gab er an:<\/p>\n<div id=\"attachment_5075\" style=\"width: 310px\" class=\"wp-caption alignleft\"><a href=\"https:\/\/www.brettl.at\/wp-content\/uploads\/2025\/10\/Margarethen.jpg\"><img decoding=\"async\" aria-describedby=\"caption-attachment-5075\" class=\"size-medium wp-image-5075\" src=\"https:\/\/www.brettl.at\/wp-content\/uploads\/2025\/10\/Margarethen-300x163.jpg\" alt=\"\" width=\"300\" height=\"163\" srcset=\"https:\/\/www.brettl.at\/wp-content\/uploads\/2025\/10\/Margarethen-200x109.jpg 200w, https:\/\/www.brettl.at\/wp-content\/uploads\/2025\/10\/Margarethen-300x163.jpg 300w, https:\/\/www.brettl.at\/wp-content\/uploads\/2025\/10\/Margarethen-400x218.jpg 400w, https:\/\/www.brettl.at\/wp-content\/uploads\/2025\/10\/Margarethen-600x326.jpg 600w, https:\/\/www.brettl.at\/wp-content\/uploads\/2025\/10\/Margarethen-768x418.jpg 768w, https:\/\/www.brettl.at\/wp-content\/uploads\/2025\/10\/Margarethen-800x435.jpg 800w, https:\/\/www.brettl.at\/wp-content\/uploads\/2025\/10\/Margarethen.jpg 811w\" sizes=\"(max-width: 300px) 100vw, 300px\" \/><\/a><p id=\"caption-attachment-5075\" class=\"wp-caption-text\">Kirchengasse, Sankt Margarethen im Burgenland, Burgenland, \u00d6sterreich<\/p><\/div>\n<p>\u201eDer Unterzeichnete gibt hiemit sein Verhalten dem Lehrk\u00f6rper gegen\u00fcber und bez\u00fcglich des nationalsozialistischen Gru\u00dfes an:<br \/>\nI) Im Amtsblatte hei\u00dft es bez\u00fcglich des Grusses, da\u00df die Lehrerschaft im Schulgeb\u00e4ude sich mit &#8220;Heil Hitler&#8221; gr\u00fcsst.<br \/>\nEs ist richtig, da\u00df ich die Lehrer nicht mit &#8220;Heil Hitler&#8221; gr\u00fcsste.<br \/>\nDarum:<br \/>\n1.Weil ich mich nicht als Mitglied der Lehrerschaft f\u00fchlte. Warum? Man hat mir in der Volksschule Eisenstadt nie eine Verordnung gezeigt, und auch keine Mitteilung gemacht, was dem Lehrk\u00f6rper anging. So da\u00df ich z.B. wenn ein Schulfest oder Schulfreier-Tag war, dies nur von den Kindern erfahren habe.<br \/>\n2.Weil ich als Priester in. die Schule ging und h\u00f6chstens als Kateche bezeichnet werden konnte, nie aber als Volksschul-Lehrer.<br \/>\n3.Ich interpretierte diese Vorschrift wort-w\u00f6rtlich, welche nur die angestellten Lehrer, aber nicht den Katechet betrifft.<br \/>\n4.Man hat mir nie eine Andere Auslegung gesagt, man hat mich auch nicht aufmerksam gemacht, da\u00df ich die Lehrer mit diesem Gru\u00df gr\u00fcssen sollte<\/p>\n<p>Nur einige Tage vor der Enthebung sagte der Schulleiter Bauer, man beanstandet mein Verhalten dem Lehrk\u00f6rper gegen\u00fcber. Die Anzeige war damals schon l\u00e4ngst gemacht!<\/p>\n<p>II) Den Kindern gegen\u00fcber habe ich den nationalsozialistischen Gru\u00df geleistet.<br \/>\nUnd sollte ich ihn vielleicht hie und da vergessen haben, mag sein. Aber als schuldig kann ich mich da auch nicht bekennen:<br \/>\nweil ich im diesen Schuljahre in den 1 &#8211; 3-Volksschulstufe Konfessionsunterricht erteilt habe und da kam es \u00f6fters vor, da\u00df die Kinder, ganz besonders am Anfang des Schuljahres, durcheinander gr\u00fcssten. Manchmal haben die Kinder gleich, als ich in die Klasse kam, mit &#8220;Gelobt sei Jesus Christus&#8221; gegr\u00fcsst da konnte ich doch nicht schon fr\u00fcher &#8220;Heil Hitler&#8221; schreien, bevor ich noch im Schulzimmer war.<br \/>\nUnd ich dachte mir, den nationalsozialistischen Gru\u00df den Kindern zu lernen, ist ja gar nicht meine Aufgabe.<br \/>\nJohann Ecker, Kaplan\u201c<br \/>\n(DOEW. Gestapo Tagesbefehl Nr.1 vom 30.3.-1.4.1943).<\/p>\n<p>Im Februar 1942 wurde die Gestapo abermals auf ihn aufmerksam, da er Mitglieder der Hitlerjugend aufforderte, zum Gottesdienst, statt zum Appell zu gehen. Im folgenden Prozess gab Johann Ecker an, dass das Gesetz Gottes \u00fcber das staatliche Gesetz zu stellen sei, woraufhin er zu einer zweimonatigen Gef\u00e4ngnisstrafe verurteilt wurde. Im Dezember 1943 leistete er neuerlich Widerstand, indem er franz\u00f6sische Zivilarbeiter in seinem Pfarrhof beherbergte und ihnen bei der Flucht nach Ungarn behilflich war.<\/p>\n","protected":false},"excerpt":{"rendered":"<p>Auch im Burgenland nahmen Vertreter der Kirche mit ihrer kritischen Einstellung eine oppositionelle Haltung zum NS-Regime ein. <\/p>\n","protected":false},"author":3,"featured_media":5075,"comment_status":"open","ping_status":"open","sticky":false,"template":"","format":"standard","meta":{"footnotes":""},"categories":[288,48,10],"tags":[54,86],"class_list":["post-5074","post","type-post","status-publish","format-standard","has-post-thumbnail","hentry","category-288","category-nationalsozialismus","category-religion","tag-eisenstadt","tag-st-margarethen"],"_links":{"self":[{"href":"https:\/\/www.brettl.at\/blog\/wp-json\/wp\/v2\/posts\/5074","targetHints":{"allow":["GET"]}}],"collection":[{"href":"https:\/\/www.brettl.at\/blog\/wp-json\/wp\/v2\/posts"}],"about":[{"href":"https:\/\/www.brettl.at\/blog\/wp-json\/wp\/v2\/types\/post"}],"author":[{"embeddable":true,"href":"https:\/\/www.brettl.at\/blog\/wp-json\/wp\/v2\/users\/3"}],"replies":[{"embeddable":true,"href":"https:\/\/www.brettl.at\/blog\/wp-json\/wp\/v2\/comments?post=5074"}],"version-history":[{"count":1,"href":"https:\/\/www.brettl.at\/blog\/wp-json\/wp\/v2\/posts\/5074\/revisions"}],"predecessor-version":[{"id":5076,"href":"https:\/\/www.brettl.at\/blog\/wp-json\/wp\/v2\/posts\/5074\/revisions\/5076"}],"wp:featuredmedia":[{"embeddable":true,"href":"https:\/\/www.brettl.at\/blog\/wp-json\/wp\/v2\/media\/5075"}],"wp:attachment":[{"href":"https:\/\/www.brettl.at\/blog\/wp-json\/wp\/v2\/media?parent=5074"}],"wp:term":[{"taxonomy":"category","embeddable":true,"href":"https:\/\/www.brettl.at\/blog\/wp-json\/wp\/v2\/categories?post=5074"},{"taxonomy":"post_tag","embeddable":true,"href":"https:\/\/www.brettl.at\/blog\/wp-json\/wp\/v2\/tags?post=5074"}],"curies":[{"name":"wp","href":"https:\/\/api.w.org\/{rel}","templated":true}]}}