{"id":5102,"date":"2025-12-07T09:51:57","date_gmt":"2025-12-07T08:51:57","guid":{"rendered":"https:\/\/www.brettl.at\/blog\/?p=5102"},"modified":"2025-12-07T09:51:57","modified_gmt":"2025-12-07T08:51:57","slug":"kinderbaelle-sorgen-fuer-unmut","status":"publish","type":"post","link":"https:\/\/www.brettl.at\/blog\/kinderbaelle-sorgen-fuer-unmut\/","title":{"rendered":"Kinderb\u00e4lle sorgen f\u00fcr Unmut"},"content":{"rendered":"<p>\u00d6ffentliche Tanzveranstaltungen werden in der deutschen Sprache auch als B\u00e4lle bezeichnet, dies ist eine Ableitung vom franz\u00f6sischen Verb <em>baller<\/em> (tanzen). Ob \u201e<em>Alles Walzer!\u201c<\/em> in der Staatsoper oder der Feuerwehrball im \u00f6rtlichen Gemeindegasthaus, B\u00e4lle erfreuen sich in Stadt und Land bei Alt und Jung gro\u00dfer Beliebtheit. \u00dcber das ad\u00e4quate Ballalter gibt es des \u00d6fteren Debatten. So auch bereits 1958 im S\u00fcdburgenland, wo Kinderb\u00e4lle abgehalten wurden. Die Bezirkshauptmannschaft G\u00fcssing schrieb am 14. M\u00e4rz 1958 an die Schulabteilung der Burgenl\u00e4ndischen Landesregierung in Eisenstadt:<br \/>\n<em><a href=\"https:\/\/www.brettl.at\/wp-content\/uploads\/2025\/12\/Ball.jpg\"><img decoding=\"async\" class=\"alignleft size-medium wp-image-5103\" src=\"https:\/\/www.brettl.at\/wp-content\/uploads\/2025\/12\/Ball-300x162.jpg\" alt=\"\" width=\"300\" height=\"162\" srcset=\"https:\/\/www.brettl.at\/wp-content\/uploads\/2025\/12\/Ball-200x108.jpg 200w, https:\/\/www.brettl.at\/wp-content\/uploads\/2025\/12\/Ball-300x162.jpg 300w, https:\/\/www.brettl.at\/wp-content\/uploads\/2025\/12\/Ball-400x216.jpg 400w, https:\/\/www.brettl.at\/wp-content\/uploads\/2025\/12\/Ball-600x324.jpg 600w, https:\/\/www.brettl.at\/wp-content\/uploads\/2025\/12\/Ball-768x415.jpg 768w, https:\/\/www.brettl.at\/wp-content\/uploads\/2025\/12\/Ball.jpg 783w\" sizes=\"(max-width: 300px) 100vw, 300px\" \/><\/a>\u201eDer Lehrk\u00f6rper der Volksschule Neusiedl b. G\u00fcssing f\u00fchrt in seinem \u00fcber die am 11.2.1958 abgehaltene Elternberatung aufgenommenen Protokoll aus:<br \/>\n<\/em><em>Kurz vor Beginn der Elternbesprechung mu\u00dfte der Gefertigte erfahren, da\u00df Sch\u00fclerinnen der hiesigen Schule an dem Ball (Kinderball) in Rudersdorf \u2013 Veranstalter ist nicht bekannt \u2013 teilgenommen haben. Der Schulleiter hat hier mit scharfen Worten dagegen Stellung genommen, da\u00df die Eltern dies f\u00f6rdern, ja ihre Kinder sogar selbst dorthin bringen. Es wird vorgeschlagen, beim Amte der Bgld. Landesregierung zu beantragen, da\u00df in Zukunft solche Veranstaltungen nicht genehmigt werden sollen.<br \/>\n<\/em><em>Dazu wird bemerkt, da\u00df die Bezirkshauptmannschaft G\u00fcssing solche Veranstaltungen grunds\u00e4tzlich nicht bewilligt. Wenn nun in Nachbarbezirke Jennersdorf und, wie der Gefertigte aus Zeitungsberichten entnehmen konnte, auch im Nachbarbezirke Oberwart, Kinderb\u00e4lle veranstaltet werden d\u00fcrfen, widerstreitet eine solche unterschiedliche Einstellung der Verwaltungsbeh\u00f6rden das selbstverst\u00e4ndliche Verlangen nach einheitlicher Handhabung solcher erzieherisch bedeutsamen Fragen.<br \/>\n<\/em><em>Es wird daher beantragt, zu veranlassen, da\u00df f\u00fcr Kinderb\u00e4lle einheitlich im ganzen Lande keine Genehmigung erteilt werde, da sich wiederholt erwiesen hat, da\u00df sich solche Veranstaltungen sowohl f\u00fcr die Unterrichts- wie Erziehungsarbeit negativ auswirken.<br \/>\n<\/em><em>Der Bezirkshauptmann\u201c<br \/>\n<\/em>(BLA. Schulabteilung VII-1450-1958) &#8211;\u00a0(Danke an Dieter Hauser, Landesarchiv Burgenland, f\u00fcr den Hinweis)<\/p>\n","protected":false},"excerpt":{"rendered":"<p>\u00d6ffentliche Tanzveranstaltungen werden in der deutschen Sprache auch als B\u00e4lle bezeichnet, dies ist eine Ableitung vom franz\u00f6sischen Verb baller (tanzen). <\/p>\n","protected":false},"author":3,"featured_media":5103,"comment_status":"open","ping_status":"open","sticky":false,"template":"","format":"standard","meta":{"footnotes":""},"categories":[288,41],"tags":[291,87],"class_list":["post-5102","post","type-post","status-publish","format-standard","has-post-thumbnail","hentry","category-288","category-soziales","tag-neusiedl-bei-guessing","tag-rudersdorf"],"_links":{"self":[{"href":"https:\/\/www.brettl.at\/blog\/wp-json\/wp\/v2\/posts\/5102","targetHints":{"allow":["GET"]}}],"collection":[{"href":"https:\/\/www.brettl.at\/blog\/wp-json\/wp\/v2\/posts"}],"about":[{"href":"https:\/\/www.brettl.at\/blog\/wp-json\/wp\/v2\/types\/post"}],"author":[{"embeddable":true,"href":"https:\/\/www.brettl.at\/blog\/wp-json\/wp\/v2\/users\/3"}],"replies":[{"embeddable":true,"href":"https:\/\/www.brettl.at\/blog\/wp-json\/wp\/v2\/comments?post=5102"}],"version-history":[{"count":2,"href":"https:\/\/www.brettl.at\/blog\/wp-json\/wp\/v2\/posts\/5102\/revisions"}],"predecessor-version":[{"id":5105,"href":"https:\/\/www.brettl.at\/blog\/wp-json\/wp\/v2\/posts\/5102\/revisions\/5105"}],"wp:featuredmedia":[{"embeddable":true,"href":"https:\/\/www.brettl.at\/blog\/wp-json\/wp\/v2\/media\/5103"}],"wp:attachment":[{"href":"https:\/\/www.brettl.at\/blog\/wp-json\/wp\/v2\/media?parent=5102"}],"wp:term":[{"taxonomy":"category","embeddable":true,"href":"https:\/\/www.brettl.at\/blog\/wp-json\/wp\/v2\/categories?post=5102"},{"taxonomy":"post_tag","embeddable":true,"href":"https:\/\/www.brettl.at\/blog\/wp-json\/wp\/v2\/tags?post=5102"}],"curies":[{"name":"wp","href":"https:\/\/api.w.org\/{rel}","templated":true}]}}