{"id":5131,"date":"2026-01-18T07:40:25","date_gmt":"2026-01-18T06:40:25","guid":{"rendered":"https:\/\/www.brettl.at\/blog\/?p=5131"},"modified":"2026-01-18T08:42:20","modified_gmt":"2026-01-18T07:42:20","slug":"ungarisches-bergrecht-auf-oesterreichischem-boden","status":"publish","type":"post","link":"https:\/\/www.brettl.at\/blog\/ungarisches-bergrecht-auf-oesterreichischem-boden\/","title":{"rendered":"Ungarisches Bergrecht auf \u00f6sterreichischem Boden"},"content":{"rendered":"<div class=\"fusion-fullwidth fullwidth-box fusion-builder-row-1 fusion-flex-container nonhundred-percent-fullwidth non-hundred-percent-height-scrolling\" style=\"--awb-border-radius-top-left:0px;--awb-border-radius-top-right:0px;--awb-border-radius-bottom-right:0px;--awb-border-radius-bottom-left:0px;--awb-flex-wrap:wrap;\" ><div class=\"fusion-builder-row fusion-row fusion-flex-align-items-flex-start fusion-flex-content-wrap\" style=\"max-width:1100.32px;margin-left: calc(-4% \/ 2 );margin-right: calc(-4% \/ 2 );\"><div class=\"fusion-layout-column fusion_builder_column fusion-builder-column-0 fusion_builder_column_1_1 1_1 fusion-flex-column\" style=\"--awb-bg-size:cover;--awb-width-large:100%;--awb-margin-top-large:0px;--awb-spacing-right-large:1.92%;--awb-margin-bottom-large:0px;--awb-spacing-left-large:1.92%;--awb-width-medium:100%;--awb-spacing-right-medium:1.92%;--awb-spacing-left-medium:1.92%;--awb-width-small:100%;--awb-spacing-right-small:1.92%;--awb-spacing-left-small:1.92%;\"><div class=\"fusion-column-wrapper fusion-flex-justify-content-flex-start fusion-content-layout-column\"><div class=\"fusion-text fusion-text-1\"><p>Die bereits Mitte des 18. Jahrhunderts entdeckten Kohlenfl\u00f6ze bei Brennberg wurden ab dem Jahr 1858 im Tagbau erschlossen. Es folgte 1862 der erste Schacht bei Ritzing. Wenig sp\u00e4ter wurde die erste Arbeitersiedlung aufgebaut und ab 1882 der Helenenschacht erschlossen. Mittels einer Seilbahn wurde die im Helenenschacht abgebaute Kohle in das Hauptwerk Brennberg transportiert. 1902 kam es zu einem Stollendurchstich vom Ritzinger Revier zum Brennberger Revier. Durch die Grenzziehung 1921 wurden die beiden Reviere Brennberg und Ritzing politisch getrennt. Eine wirtschaftliche Trennung wurde jedoch nicht vollzogen, sodass dies auch im \u00f6sterreichischen Parlament zu Irritationen f\u00fchrte. Die Burgenl\u00e4ndische Freiheit berichtete im Mai 1923 dar\u00fcber:<br \/>\n<em><a href=\"https:\/\/www.brettl.at\/wp-content\/uploads\/2026\/01\/Ritzing05.jpg\"><img decoding=\"async\" class=\"alignleft size-medium wp-image-5134\" src=\"https:\/\/www.brettl.at\/wp-content\/uploads\/2026\/01\/Ritzing05-300x167.jpg\" alt=\"\" width=\"300\" height=\"167\" srcset=\"https:\/\/www.brettl.at\/wp-content\/uploads\/2026\/01\/Ritzing05-200x111.jpg 200w, https:\/\/www.brettl.at\/wp-content\/uploads\/2026\/01\/Ritzing05-300x167.jpg 300w, https:\/\/www.brettl.at\/wp-content\/uploads\/2026\/01\/Ritzing05-400x223.jpg 400w, https:\/\/www.brettl.at\/wp-content\/uploads\/2026\/01\/Ritzing05-600x334.jpg 600w, https:\/\/www.brettl.at\/wp-content\/uploads\/2026\/01\/Ritzing05-768x428.jpg 768w, https:\/\/www.brettl.at\/wp-content\/uploads\/2026\/01\/Ritzing05-800x446.jpg 800w, https:\/\/www.brettl.at\/wp-content\/uploads\/2026\/01\/Ritzing05-1024x571.jpg 1024w, https:\/\/www.brettl.at\/wp-content\/uploads\/2026\/01\/Ritzing05-1200x669.jpg 1200w, https:\/\/www.brettl.at\/wp-content\/uploads\/2026\/01\/Ritzing05-1536x856.jpg 1536w\" sizes=\"(max-width: 300px) 100vw, 300px\" \/><\/a>\u201eEin Nachspeil zur burgenl\u00e4ndischen Grenzregulierung<br \/>\n<\/em><em>Wichtiger als die Gegenst\u00e4nde, die sich auf der Tagesordnung des Nationalrates befanden, war eine dringliche Anfrage, welche die eigent\u00fcmlichen Rechtsverh\u00e4ltnisse auf dem Helenenschacht beleuchtete, der \u00d6sterreich bei der burgenl\u00e4ndischen Grenzregulierung worden war. Abgeordneter Sailer machte dem Hause die \u00fcberraschende Mitteilung, da\u00df auf diesem Gebiet, welches zu \u00d6sterreich geh\u00f6rt, das ungarische Bergrecht herrsche, und die \u00f6sterreichischen Bergarbeiter ungarischen Arbeitergesetzen unterstehen. Zudem k\u00f6nne die gewonnene Kohle nach Ungarn frei ausgef\u00fchrt werden und \u00d6sterreich habe nicht das Recht, auf diesem seinen Gebiet Sch\u00fcrfrechte zu verleihen. Die Abgeordneten Dr. Renner und Dr. Bauer bezeichneten die Zust\u00e4nde als Eingriff in die \u00f6sterreichischen Hoheitsrechte und erhoben dagegen lebhaften Protest. Bundeskanzler Dr. Seipel gab namens der Regierung eine Darstellung des Sachverhaltes, der zu diesen merkw\u00fcrdigen Verh\u00e4ltnissen gef\u00fchrt hat. Das Schachtgebiet sei bereits Ungarn zugesprochen gewesen und nur \u00fcber unseren Protest habe sich die Botschafterkonferenz noch einmal mit der Angelegenheit befa\u00dft. Bevor sie aber das Kohlegebiet als zu \u00d6sterreich geh\u00f6rig bezeichnete, habe sie verlangt, da\u00df Ungarn Zusicherungen bez\u00fcglich der einheitlichen Betriebsf\u00fchrung gemacht werden, und dazu habe auch die Anwendung des ungarischen Bergrechtes geh\u00f6rt. Um das Gebiet nicht zu verlieren, habe die \u00f6sterreichische Regierung dem zugestimmt, habe jedoch bewirkt, da\u00df auch die \u00f6sterreichischen Bergbeh\u00f6rden die Sch\u00e4chte befahren und da\u00df vor allem nur die \u00f6sterreichische Gendarmerie auf diesem Gebiet einschreiten d\u00fcrfe, nicht aber auch die ungarische, wie dies von Ungarn gefordert worden war.\u201c<br \/>\n<\/em>(Burgenl\u00e4ndische Freiheit vom 18. Mai 1923, S. 2)<\/p>\n<\/div><\/div><\/div><\/div><\/div>\n","protected":false},"excerpt":{"rendered":"<p>Die bereits Mitte des 18. Jahrhunderts entdeckten Kohlenfl\u00f6ze bei Brennberg wurden ab dem Jahr 1858 im Tagbau erschlossen. <\/p>\n","protected":false},"author":3,"featured_media":5134,"comment_status":"open","ping_status":"open","sticky":false,"template":"","format":"standard","meta":{"footnotes":""},"categories":[293,61,20],"tags":[143],"class_list":["post-5131","post","type-post","status-publish","format-standard","has-post-thumbnail","hentry","category-293","category-wirtschaft","category-zwischenkriegszeit","tag-ritzing"],"_links":{"self":[{"href":"https:\/\/www.brettl.at\/blog\/wp-json\/wp\/v2\/posts\/5131","targetHints":{"allow":["GET"]}}],"collection":[{"href":"https:\/\/www.brettl.at\/blog\/wp-json\/wp\/v2\/posts"}],"about":[{"href":"https:\/\/www.brettl.at\/blog\/wp-json\/wp\/v2\/types\/post"}],"author":[{"embeddable":true,"href":"https:\/\/www.brettl.at\/blog\/wp-json\/wp\/v2\/users\/3"}],"replies":[{"embeddable":true,"href":"https:\/\/www.brettl.at\/blog\/wp-json\/wp\/v2\/comments?post=5131"}],"version-history":[{"count":3,"href":"https:\/\/www.brettl.at\/blog\/wp-json\/wp\/v2\/posts\/5131\/revisions"}],"predecessor-version":[{"id":5136,"href":"https:\/\/www.brettl.at\/blog\/wp-json\/wp\/v2\/posts\/5131\/revisions\/5136"}],"wp:featuredmedia":[{"embeddable":true,"href":"https:\/\/www.brettl.at\/blog\/wp-json\/wp\/v2\/media\/5134"}],"wp:attachment":[{"href":"https:\/\/www.brettl.at\/blog\/wp-json\/wp\/v2\/media?parent=5131"}],"wp:term":[{"taxonomy":"category","embeddable":true,"href":"https:\/\/www.brettl.at\/blog\/wp-json\/wp\/v2\/categories?post=5131"},{"taxonomy":"post_tag","embeddable":true,"href":"https:\/\/www.brettl.at\/blog\/wp-json\/wp\/v2\/tags?post=5131"}],"curies":[{"name":"wp","href":"https:\/\/api.w.org\/{rel}","templated":true}]}}