{"id":5138,"date":"2026-01-26T07:32:16","date_gmt":"2026-01-26T06:32:16","guid":{"rendered":"https:\/\/www.brettl.at\/blog\/?p=5138"},"modified":"2026-01-26T07:32:16","modified_gmt":"2026-01-26T06:32:16","slug":"lackenbacher-haeftlinge-fordern-gleichberechtigung","status":"publish","type":"post","link":"https:\/\/www.brettl.at\/blog\/lackenbacher-haeftlinge-fordern-gleichberechtigung\/","title":{"rendered":"Lackenbacher H\u00e4ftlinge fordern Gleichberechtigung"},"content":{"rendered":"<p>Rund 11.000 Roma und Sinti, in etwa 90% der damaligen Bev\u00f6lkerung in \u00d6sterreich, wurden Opfer des nationalsozialistischen Genozids. Nach 1945 blieb den Roma und Sinti die Anerkennung als Opfer der rassistischen NS-Verfolgung, und somit eine Entsch\u00e4digung nach dem Opferf\u00fcrsorgegesetz, lange Zeit versagt. So galt unter anderen das Lager Lackenbach nicht als Konzentrationslager, da es nicht der SS, sondern der Kriminalpolizei unterstand. Daher erhielten die ehemaligen H\u00e4ftlinge auch keine Entsch\u00e4digungszahlungen. \u00dcberlebende Roma beschwerten sich lange Zeit vergeblich \u00fcber diese Vorgehensweise der Republik \u00d6sterreich. So auch ehemalige Insassen aus Liebing 1952:<br \/>\n<em><a href=\"https:\/\/www.brettl.at\/wp-content\/uploads\/2026\/01\/Beschwerde-Lackenbach.jpg\"><img decoding=\"async\" class=\"alignleft size-medium wp-image-5139\" src=\"https:\/\/www.brettl.at\/wp-content\/uploads\/2026\/01\/Beschwerde-Lackenbach-300x91.jpg\" alt=\"\" width=\"300\" height=\"91\" srcset=\"https:\/\/www.brettl.at\/wp-content\/uploads\/2026\/01\/Beschwerde-Lackenbach-200x60.jpg 200w, https:\/\/www.brettl.at\/wp-content\/uploads\/2026\/01\/Beschwerde-Lackenbach-300x91.jpg 300w, https:\/\/www.brettl.at\/wp-content\/uploads\/2026\/01\/Beschwerde-Lackenbach-400x121.jpg 400w, https:\/\/www.brettl.at\/wp-content\/uploads\/2026\/01\/Beschwerde-Lackenbach-600x181.jpg 600w, https:\/\/www.brettl.at\/wp-content\/uploads\/2026\/01\/Beschwerde-Lackenbach-768x232.jpg 768w, https:\/\/www.brettl.at\/wp-content\/uploads\/2026\/01\/Beschwerde-Lackenbach.jpg 794w\" sizes=\"(max-width: 300px) 100vw, 300px\" \/><\/a>\u201eAn die Landesregierung Eisenstadt!<br \/>\n<\/em><em>Betrifft Lager Lackenbach<br \/>\n<\/em><em>Wir Lagerinsassen vom Lager Lackenbach nehmen dagegen Stellung. Und zwar m\u00f6chten wir die Regierung in Eisenstadt ersuchen uns zu beantworten aus welchen Gr\u00fcnden Lager Lackenbach nicht als KZ-Lager anerkannt wird.<br \/>\n<\/em><em>Wir sind im Jahre 1940 bis Kriegsende in diesem Vernichtungslager Lackenbach eingeliefert worden. Und jedes Elend und Not mitgemacht, wo es niemals als Arbeitslager bezeichnet werden kann. Sondern als gr\u00f6\u00dftes Vernichtungslager im Burgenland, da damals von 1940-41-42 \u00fcber 1.000 Personen vernichtet worden sind. Und nicht nur vernichtet, sondern mit grausamsten Dingen und allerhand Schikanen elendlich zu Grunde gerichtet worden sind. Deshalb m\u00f6chten wir Insassen vom Lager Lackenbach die Regierung in Eisenstadt ersuchen die gleichen Pflichten und Rechte zugewiesen werden wie den anderen KZlern aus den anderen Lagern.<br \/>\n<\/em><em>Hochachtungsvoll<br \/>\n<\/em><em>Von den Insassen des Lagers Lackenbach<br \/>\n<\/em><em>Liebing am 6.3.1952\u201c<\/em><\/p>\n","protected":false},"excerpt":{"rendered":"<p>Rund 11.000 Roma und Sinti, in etwa 90% der damaligen Bev\u00f6lkerung in \u00d6sterreich, wurden Opfer des nationalsozialistischen Genozids. <\/p>\n","protected":false},"author":3,"featured_media":5139,"comment_status":"open","ping_status":"open","sticky":false,"template":"","format":"standard","meta":{"footnotes":""},"categories":[293,69,48,49],"tags":[51,208],"class_list":["post-5138","post","type-post","status-publish","format-standard","has-post-thumbnail","hentry","category-293","category-besatzungszeit","category-nationalsozialismus","category-roma","tag-lackenbach","tag-liebing"],"_links":{"self":[{"href":"https:\/\/www.brettl.at\/blog\/wp-json\/wp\/v2\/posts\/5138","targetHints":{"allow":["GET"]}}],"collection":[{"href":"https:\/\/www.brettl.at\/blog\/wp-json\/wp\/v2\/posts"}],"about":[{"href":"https:\/\/www.brettl.at\/blog\/wp-json\/wp\/v2\/types\/post"}],"author":[{"embeddable":true,"href":"https:\/\/www.brettl.at\/blog\/wp-json\/wp\/v2\/users\/3"}],"replies":[{"embeddable":true,"href":"https:\/\/www.brettl.at\/blog\/wp-json\/wp\/v2\/comments?post=5138"}],"version-history":[{"count":1,"href":"https:\/\/www.brettl.at\/blog\/wp-json\/wp\/v2\/posts\/5138\/revisions"}],"predecessor-version":[{"id":5140,"href":"https:\/\/www.brettl.at\/blog\/wp-json\/wp\/v2\/posts\/5138\/revisions\/5140"}],"wp:featuredmedia":[{"embeddable":true,"href":"https:\/\/www.brettl.at\/blog\/wp-json\/wp\/v2\/media\/5139"}],"wp:attachment":[{"href":"https:\/\/www.brettl.at\/blog\/wp-json\/wp\/v2\/media?parent=5138"}],"wp:term":[{"taxonomy":"category","embeddable":true,"href":"https:\/\/www.brettl.at\/blog\/wp-json\/wp\/v2\/categories?post=5138"},{"taxonomy":"post_tag","embeddable":true,"href":"https:\/\/www.brettl.at\/blog\/wp-json\/wp\/v2\/tags?post=5138"}],"curies":[{"name":"wp","href":"https:\/\/api.w.org\/{rel}","templated":true}]}}