{"id":5155,"date":"2026-03-08T06:57:08","date_gmt":"2026-03-08T05:57:08","guid":{"rendered":"https:\/\/www.brettl.at\/blog\/?p=5155"},"modified":"2026-03-08T06:57:08","modified_gmt":"2026-03-08T05:57:08","slug":"konflikt-um-das-glockengelaeute-am-aschermittwoch","status":"publish","type":"post","link":"https:\/\/www.brettl.at\/blog\/konflikt-um-das-glockengelaeute-am-aschermittwoch\/","title":{"rendered":"Konflikt um das Glockengel\u00e4ute am Aschermittwoch"},"content":{"rendered":"<p>Eine Kontroverse in Rattersdorf wirft folgende Frage auf: Entstand diese Auseinandersetzung, weil die Personen die letzte Phase des Faschings in ausgelassener Freude ausleben wollten, bevor mit dem Aschermittwoch die strenge Bu\u00df- und Fastenzeit beginnt, oder kann bereits ein Glockengel\u00e4ut die Konfrontationen zwischen Kirche und Sozialdemokratie anheizen?<br \/>\n<a href=\"https:\/\/www.brettl.at\/wp-content\/uploads\/2026\/03\/Glocken.jpg\"><img decoding=\"async\" class=\"alignleft size-medium wp-image-5156\" src=\"https:\/\/www.brettl.at\/wp-content\/uploads\/2026\/03\/Glocken-300x170.jpg\" alt=\"\" width=\"300\" height=\"170\" srcset=\"https:\/\/www.brettl.at\/wp-content\/uploads\/2026\/03\/Glocken-200x113.jpg 200w, https:\/\/www.brettl.at\/wp-content\/uploads\/2026\/03\/Glocken-300x170.jpg 300w, https:\/\/www.brettl.at\/wp-content\/uploads\/2026\/03\/Glocken-400x226.jpg 400w, https:\/\/www.brettl.at\/wp-content\/uploads\/2026\/03\/Glocken-600x339.jpg 600w, https:\/\/www.brettl.at\/wp-content\/uploads\/2026\/03\/Glocken-768x434.jpg 768w, https:\/\/www.brettl.at\/wp-content\/uploads\/2026\/03\/Glocken.jpg 800w\" sizes=\"(max-width: 300px) 100vw, 300px\" \/><\/a>Das Gendarmeriepostenkommando Rattersdorf berichtete \u00fcber einen Vorfall an die Bezirkshauptmannschaft Oberpullendorf am 21. Feber 1931:<br \/>\n<em>\u201eAm 15.2.1931 verk\u00fcndete der Ortspfarrer Dr. Eduard Maitz in Rattersdorf anl\u00e4sslich des Gottesdienstes von der Kanzel, dass er am Aschermittwoch um 0 Uhr die Glocken l\u00e4uten lassen wird, um den Gl\u00e4ubigen in Erinnerung zu bringen, dass die Fastenzeit beginnt und die Lustbarkeiten beendet werden sollen.<br \/>\n<\/em><em>Zur besagten zeit wurde eine Glocke von der Schwester des Pfarrers, namens Anna Maitz, in Anwesenheit des Haushaltsgehilfin Theresia Maschler gel\u00e4utet, was unter den G\u00e4sten des in unmittelbarer N\u00e4he befindlichen Gasthauses Hutter grosse Erregung hervorrief.<br \/>\n<\/em><em>Eine grosse Anzahl des Unterhaltungsteilnehmer, zk. 15 bis 20 Personen, Anh\u00e4nger der Soz. Partei, st\u00fcrmten unter lautem Geschrei und L\u00e4rm bis in die Na\u00e4he des Bogens zum Glockenstuhl und protestierten gegen die Anordnung des Pfarrers und forderte Nikolaus S., Tischlergehilfe in Rattersdorf N. 100, die Anna Maitz auf, das L\u00e4uten einzustellen, da dies noch nie in Rattersdorf vorgekommen sei. Hiebei betonte S. ausdr\u00fccklich, dass die Glocken von der Ortsbev\u00f6lkerung angeschafft worden seien, daher selben auch ein Verf\u00fcgungsrecht zustehe.<br \/>\n<\/em><em>Pfarrer Dr. Maitz stand in einiger Entfernung abseits des Glockenstuhls, um ev. Gewaltt\u00e4tigkeiten auf seine Schwester abwehren zu k\u00f6nnen, und wurde beim Ansichtigwerden von bisher noch unbekannten Personen mit Schneeb\u00e4llen beworfen. Infolge des herrschenden Dunkelheit konnte Pfarrer Dr. Maitz die Schneeballwerfer nicht erkennen. Die Schwester des genannten und auch die Haushaltsgehilfin konnte ebenfalls von den Ruhest\u00f6rern nur wenig erkennen. Anna Maitz liess sich jedoch trotz der Kraftrede des Schl\u00f6gl und des L\u00e4rmes der \u00fcbrigen Ruhest\u00f6rer nicht beirren. Kurze Zeit nachher, als sie zum L\u00e4uten aufgeh\u00f6rt hatte, begaben sich die Ruhest\u00f6rer wieder in Gasthaus Hutter zur\u00fcck.<br \/>\n<\/em><em>Am 18.2.1931 erschien \u00fcber Anregung des soz. Gemeinder\u00e4te eine Deputation unter F\u00fchrung des B\u00fcrgermeisters Stefan Schmidt beim Pfarrer Dr. Maitz, woselbst im ruhigen Tone Aufkl\u00e4rung \u00fcber die Anordnung des Letzteren verlangten, die ihnen vom Pfarrer Dr. Maitz in ebenso ruhiger Form gegeben wurde.<br \/>\n<\/em><em>Die Erhebungen nach den \u00fcbrigen Teilnehmern an der Ruhest\u00f6rung sind noch nicht abgeschlossen und werden nach Abschluss der Recherchen die Anzeigen an die kompetenten Stellen erstattet werden.\u201c <\/em>(BLA, BH Oberpullendorf. 29. Gruppe XI: Polizei Abschnitt 163: Vorfallenheitsberichte Jg. 1931. Zl. 13\/3)<\/p>\n","protected":false},"excerpt":{"rendered":"<p>[&#8230;] kann bereits ein Glockengel\u00e4ut die Konfrontationen zwischen Kirche und Sozialdemokratie anheizen?<\/p>\n","protected":false},"author":3,"featured_media":5156,"comment_status":"open","ping_status":"open","sticky":false,"template":"","format":"standard","meta":{"footnotes":""},"categories":[293,10,20],"tags":[207],"class_list":["post-5155","post","type-post","status-publish","format-standard","has-post-thumbnail","hentry","category-293","category-religion","category-zwischenkriegszeit","tag-rattersdorf"],"_links":{"self":[{"href":"https:\/\/www.brettl.at\/blog\/wp-json\/wp\/v2\/posts\/5155","targetHints":{"allow":["GET"]}}],"collection":[{"href":"https:\/\/www.brettl.at\/blog\/wp-json\/wp\/v2\/posts"}],"about":[{"href":"https:\/\/www.brettl.at\/blog\/wp-json\/wp\/v2\/types\/post"}],"author":[{"embeddable":true,"href":"https:\/\/www.brettl.at\/blog\/wp-json\/wp\/v2\/users\/3"}],"replies":[{"embeddable":true,"href":"https:\/\/www.brettl.at\/blog\/wp-json\/wp\/v2\/comments?post=5155"}],"version-history":[{"count":1,"href":"https:\/\/www.brettl.at\/blog\/wp-json\/wp\/v2\/posts\/5155\/revisions"}],"predecessor-version":[{"id":5157,"href":"https:\/\/www.brettl.at\/blog\/wp-json\/wp\/v2\/posts\/5155\/revisions\/5157"}],"wp:featuredmedia":[{"embeddable":true,"href":"https:\/\/www.brettl.at\/blog\/wp-json\/wp\/v2\/media\/5156"}],"wp:attachment":[{"href":"https:\/\/www.brettl.at\/blog\/wp-json\/wp\/v2\/media?parent=5155"}],"wp:term":[{"taxonomy":"category","embeddable":true,"href":"https:\/\/www.brettl.at\/blog\/wp-json\/wp\/v2\/categories?post=5155"},{"taxonomy":"post_tag","embeddable":true,"href":"https:\/\/www.brettl.at\/blog\/wp-json\/wp\/v2\/tags?post=5155"}],"curies":[{"name":"wp","href":"https:\/\/api.w.org\/{rel}","templated":true}]}}