{"id":5185,"date":"2026-05-03T07:21:31","date_gmt":"2026-05-03T05:21:31","guid":{"rendered":"https:\/\/www.brettl.at\/blog\/?p=5185"},"modified":"2026-05-03T07:21:31","modified_gmt":"2026-05-03T05:21:31","slug":"der-allmaechtige-moege-die-edle-tat-gebuehrend-zollen","status":"publish","type":"post","link":"https:\/\/www.brettl.at\/blog\/der-allmaechtige-moege-die-edle-tat-gebuehrend-zollen\/","title":{"rendered":"\u201eDer Allm\u00e4chtige m\u00f6ge die edle Tat geb\u00fchrend zollen\u201c"},"content":{"rendered":"<p>Bereits kurz nach Kriegsende nahmen zahlreiche \u00dcberlebende mit der Gemeinde Frauenkirchen Kontakt auf. So fragten sie zumeist um Dokumente an oder erkundigten sich \u00fcber den Verbleib ihres Besitzes. Dabei baten sie unter anderem um Ausk\u00fcnfte \u00fcber die Situation in der Gemeinde oder \u00fcber den Zustand ihrer H\u00e4user und des Inventars. Ebenso machten sich auch die ehemaligen j\u00fcdischen Bewohnerinnen und Bewohner Gedanken \u00fcber die Zukunft ihres Friedhofes. Durch die Wiedereinsetzung des B\u00fcrgermeisters Wetschka und des Oberamtmannes Paukert kam in einigen F\u00e4llen bei den Vertriebenen Zuversicht auf. So auch bei der Familie Tauber, die bis 1938 einen Holz- und Baumaterialienhandel in Frauenkirchen betrieben hatte. Die Familie musste ihre Heimat verlassen und war \u00fcber Ungarn, wo sie zwei Jahre in einem Sammellager inhaftiert waren, nach Pal\u00e4stina geflohen. In einem Brief an die Stadtgemeinde Frauenkirchen hie\u00df es:<br \/>\n<em><a href=\"https:\/\/www.brettl.at\/wp-content\/uploads\/2026\/05\/Tauber.jpg\"><img decoding=\"async\" class=\"alignleft size-medium wp-image-5186\" src=\"https:\/\/www.brettl.at\/wp-content\/uploads\/2026\/05\/Tauber-300x107.jpg\" alt=\"\" width=\"300\" height=\"107\" srcset=\"https:\/\/www.brettl.at\/wp-content\/uploads\/2026\/05\/Tauber-200x72.jpg 200w, https:\/\/www.brettl.at\/wp-content\/uploads\/2026\/05\/Tauber-300x107.jpg 300w, https:\/\/www.brettl.at\/wp-content\/uploads\/2026\/05\/Tauber-400x143.jpg 400w, https:\/\/www.brettl.at\/wp-content\/uploads\/2026\/05\/Tauber-600x215.jpg 600w, https:\/\/www.brettl.at\/wp-content\/uploads\/2026\/05\/Tauber-768x275.jpg 768w, https:\/\/www.brettl.at\/wp-content\/uploads\/2026\/05\/Tauber.jpg 790w\" sizes=\"(max-width: 300px) 100vw, 300px\" \/><\/a>\u201eHaifa, 29.7.1946<br \/>\n<\/em><em>An die l\u00f6bl. Gemeindeverwaltung der Gross- und Marktgemeinde Frauenkirchen!<br \/>\n<\/em><em>Sehr verehrter Herr B\u00fcrgermeister!<br \/>\n<\/em><em>Von meinen Landsleuten hier erfuhr ich, dass Herr B\u00fcrgermeister wieder die Ehre haben die Leitung der Gemeindeverwaltung zu f\u00fchren und erlaube ich mir Sie zu ihrer Amtst\u00e4tigkeit herzlichst zu begl\u00fcckw\u00fcnschen. Wie es stets ihr Vorhaben war, so m\u00f6ge es Ihnen Herr B\u00fcrgermeister auch weiterhin verg\u00f6nnt sein, die Interessen aller Ortsbewohner in bester und gerechter Weise zu vertreten. Wollen Sie gefl. die G\u00fcte haben und meinen ganz besonderen Dank und Ausdruck von Hochachtung unsern allerseits verehrten Herrn Oberamtsmann Herrn Paukert \u00fcbermitteln, den ich aus tiefsten Herzen danke, dass er sich daf\u00fcr eingesetzt hatte, dass unser Friedhof nicht gesch\u00e4ndet wurde und ich noch die Hoffnung habe auf dem Grabe meines verewigten Vaters ein Gebet noch verrichten zu k\u00f6nnen. Der Allm\u00e4chtige m\u00f6ge die edle Tat geb\u00fchrend zollen.<br \/>\n<\/em><em>Seit \u00fcber 7 Jahren befinde ich mir hier, mein Bruder ist in S\u00fcdamerika und meine Mutter ist in Jerusalem, mit meiner \u00e4ltesten und j\u00fcngsten Schwester in deren Namen ich anbei ebenfalls Gr\u00fc\u00dfe bestellen soll.\u00a0<\/em><em>Ich w\u00e4re Ihnen sehr mit Dank verbunden, wenn Sie mir dar\u00fcber Auskunft erteilen w\u00fcrden, wer derzeit unser Haus Hauptplatz 27 bewohnt in welchem Zustand selbes sich befindet. Ferner wer die Hobelwerkst\u00e4tte auf unserem Lagerplatz ben\u00fctzt oder verwaltet, ferner ob Herr Kettner Stefan noch unserem Lagerplatz neben dem Hotel bei der Eisenbahn dem wir es seinerzeit verpachtet hatten noch weiter bearbeitet. Ferner hat Herr Greilberger seinerzeit der kommissarische Leiter unseres Gesch\u00e4ftes der Gemeindeverwaltung die Rechnungen \u00fcber das so verwaltete Verm\u00f6gen gelegt?<br \/>\n<\/em><em>Indem ich in vorhinein f\u00fcr die g\u00fctige Ausk\u00fcnfte danke verbleibe ich mit landsmannschaftlichen Gr\u00fc\u00dfen mit Hochachtung ihr Albert Tauber.<br \/>\n<\/em><em>N.B. K\u00f6nnen Sie mir etwa die Adresse von Rechtsanwalt Herrn Dr. Ludwig Marenzi, seinerzeit Neusiedl a\/See ermitteln? W\u00e4re Ihnen sehr mit Dank verbunden. Obiger\u201c<br \/>\n<\/em>(Gemeindearchiv Frauenkirchen. Korrespondenz 1946. 334\/1746)<\/p>\n","protected":false},"excerpt":{"rendered":"<p>Bereits kurz nach der Macht\u00fcbernahme der Nationalsozialisten im M\u00e4rz 1938 wurde die j\u00fcdische Gemeinde in Frauenkirchen brutal aufgel\u00f6st und deren Bev\u00f6lkerung vertrieben. <\/p>\n","protected":false},"author":3,"featured_media":5186,"comment_status":"open","ping_status":"open","sticky":false,"template":"","format":"standard","meta":{"footnotes":""},"categories":[293,29,48],"tags":[25],"class_list":["post-5185","post","type-post","status-publish","format-standard","has-post-thumbnail","hentry","category-293","category-judentum","category-nationalsozialismus","tag-frauenkirchen"],"_links":{"self":[{"href":"https:\/\/www.brettl.at\/blog\/wp-json\/wp\/v2\/posts\/5185","targetHints":{"allow":["GET"]}}],"collection":[{"href":"https:\/\/www.brettl.at\/blog\/wp-json\/wp\/v2\/posts"}],"about":[{"href":"https:\/\/www.brettl.at\/blog\/wp-json\/wp\/v2\/types\/post"}],"author":[{"embeddable":true,"href":"https:\/\/www.brettl.at\/blog\/wp-json\/wp\/v2\/users\/3"}],"replies":[{"embeddable":true,"href":"https:\/\/www.brettl.at\/blog\/wp-json\/wp\/v2\/comments?post=5185"}],"version-history":[{"count":1,"href":"https:\/\/www.brettl.at\/blog\/wp-json\/wp\/v2\/posts\/5185\/revisions"}],"predecessor-version":[{"id":5187,"href":"https:\/\/www.brettl.at\/blog\/wp-json\/wp\/v2\/posts\/5185\/revisions\/5187"}],"wp:featuredmedia":[{"embeddable":true,"href":"https:\/\/www.brettl.at\/blog\/wp-json\/wp\/v2\/media\/5186"}],"wp:attachment":[{"href":"https:\/\/www.brettl.at\/blog\/wp-json\/wp\/v2\/media?parent=5185"}],"wp:term":[{"taxonomy":"category","embeddable":true,"href":"https:\/\/www.brettl.at\/blog\/wp-json\/wp\/v2\/categories?post=5185"},{"taxonomy":"post_tag","embeddable":true,"href":"https:\/\/www.brettl.at\/blog\/wp-json\/wp\/v2\/tags?post=5185"}],"curies":[{"name":"wp","href":"https:\/\/api.w.org\/{rel}","templated":true}]}}