{"id":796,"date":"2016-03-17T18:48:04","date_gmt":"2016-03-17T17:48:04","guid":{"rendered":"http:\/\/www.brettl.at\/blog\/?p=796"},"modified":"2024-09-02T16:41:25","modified_gmt":"2024-09-02T14:41:25","slug":"schwere-verkehrsunfaelle-bei-der-landnahme","status":"publish","type":"post","link":"https:\/\/www.brettl.at\/blog\/schwere-verkehrsunfaelle-bei-der-landnahme\/","title":{"rendered":"Schwere Verkehrsunf\u00e4lle bei der \u201eLandnahme\u201c"},"content":{"rendered":"<div class=\"fusion-fullwidth fullwidth-box fusion-builder-row-1 nonhundred-percent-fullwidth non-hundred-percent-height-scrolling\" style=\"--awb-background-position:left top;--awb-border-sizes-top:0px;--awb-border-sizes-bottom:0px;--awb-border-sizes-left:0px;--awb-border-sizes-right:0px;--awb-border-radius-top-left:0px;--awb-border-radius-top-right:0px;--awb-border-radius-bottom-right:0px;--awb-border-radius-bottom-left:0px;--awb-padding-top:20px;--awb-padding-right:0px;--awb-padding-bottom:20px;--awb-padding-left:0px;--awb-flex-wrap:wrap;\" ><div class=\"fusion-builder-row fusion-row\"><div class=\"fusion-layout-column fusion_builder_column fusion-builder-column-0 fusion_builder_column_1_1 1_1 fusion-one-full fusion-column-first fusion-column-last fusion-column-no-min-height\" style=\"--awb-bg-size:cover;--awb-margin-bottom:0px;\"><div class=\"fusion-column-wrapper fusion-flex-column-wrapper-legacy\"><div class=\"fusion-text fusion-text-1\"><p>Nach der gescheiterten Landnahme des Burgenlandes durch \u00f6sterreichische Gendarmen und Zollwachbeamten im August 1921 konnte durch das \u201eVenediger Protokoll\u201c die endg\u00fcltige \u00dcbergabe des Burgenlandes erreicht werden. Im November 1921 begann der Einmarsch des \u00f6sterreichischen Bundesheeres.<\/p>\n<div id=\"attachment_797\" style=\"width: 310px\" class=\"wp-caption alignleft\"><a href=\"http:\/\/www.brettl.at\/wp-content\/uploads\/2016\/03\/Milit\u00e4rautos.jpg\"><img decoding=\"async\" aria-describedby=\"caption-attachment-797\" class=\"size-medium wp-image-797\" src=\"http:\/\/www.brettl.at\/wp-content\/uploads\/2016\/03\/Milit\u00e4rautos-300x204.jpg\" alt=\"Milit\u00e4rautos\" width=\"300\" height=\"204\" srcset=\"https:\/\/www.brettl.at\/wp-content\/uploads\/2016\/03\/Milit\u00e4rautos-300x204.jpg 300w, https:\/\/www.brettl.at\/wp-content\/uploads\/2016\/03\/Milit\u00e4rautos-1024x695.jpg 1024w, https:\/\/www.brettl.at\/wp-content\/uploads\/2016\/03\/Milit\u00e4rautos.jpg 1268w\" sizes=\"(max-width: 300px) 100vw, 300px\" \/><\/a><p id=\"caption-attachment-797\" class=\"wp-caption-text\">\u00d6sterreichische Gendarmerie mit beschlagnahmten Automobilen im Hof des Schlosses Esterh\u00e1zy 1921 \u00a9 Burgenl\u00e4ndisches Landesarchiv<\/p><\/div>\n<p>Major Kurt Jesser berichtet \u00fcber die Schwierigkeiten im Verkehrswesen bei der Landnahme im November 1921:<br \/>\n\u201e [\u2026] Die trostlosen Stra\u00dfenverh\u00e4ltnisse in den neubesetzten Gebieten, schmale kurvenreiche Fahrwege \u00fcber das Leitha-und Rosaliengebirge, besonders der ber\u00fcchtigte Schleinzerberg mit seinen neun steilen Kurven, hohe Schneelage und Vereisungen stellten an die F\u00e4hrmannschalten &#8211; meist noch junge unerfahrene Lenker &#8211; sehr hohe Anforderungen. Leider forderten diese Stra\u00dfenverh\u00e4ltnisse auch schwere Opfer an Menschenleben. Der erste gro\u00dfe Unfall ereignete sich am 2. November 1921 bei Edlitz, wobei der Lenker Jedliczka des Brig. Kraftfahrzuges Nr. 2 mit seinem Beifahrer Blum. Ob.Stb.Arzt Dr. Turnowsky, 10 Gendarmen und ein Zivilist den Tod fanden. Der 3 t Lastkraftwagen st\u00fcrzte infolge einer vereisten Stra\u00dfenstelle in einen ca.5 m tiefen Graben. Mit den R\u00e4dern nach oben liegend begrub er alle Mitfahrenden mit Ausnahme eines Infanteristen, welcher sich durch raschen Absprung retten konnte, unter sich. Schon am darauffolgenden Tage, w\u00e4hrend bei Edlitz noch die Bergungsarbeiten in vollem Gange waren, ereignete sich bei Friedberg-Pinggau ein neuerlicher schwerer Unfall. Ein Lastkraftwagen der Brig. Kraftfahrzuges Nr.5 sollte in der Nacht einen Infanteriezug zu einer von Freisch\u00e4rlern bedrohten Stelle bringen. Auf der stark absch\u00fcssigen Stra\u00dfe von Pinggau nach Friedberg ri\u00df die Antriebskette des Wagens; der Wagen kam in Schu\u00df und st\u00fcrzte in der Kurve \u00fcber die Bahnbr\u00fccke des Br\u00fcckengel\u00e4ndes durchbrechend auf die Bahntrasse. Sechs Tote und etliche Schwerverletzte waren zu beklagen. Kleinere Unf\u00e4lle gab es infolge des immer schlechter werdenden Stra\u00dfenzustandes, aber auch wegen des Zeitmangels zur gr\u00fcndlichen \u00dcberpr\u00fcfung der Fahrzeuge, fast t\u00e4glich. Da der gesamte Nachschub f\u00fcr die weitverteilten Truppen im besetzten Gebiete wegen des f\u00fcr \u00d6sterreich \u00e4u\u00dferst ung\u00fcnstig gelagerten Eisenbahnnetzes &#8211; fast alle Linien f\u00fchrten \u00fcber \u00d6denburg &#8211; ausschlie\u00dflich durch Kraftwagen erfolgen mu\u00dfte, standen die wenigen Fahrzeuge fast ununterbrochen im Fahrdienste. Die Werkst\u00e4tte konnte den Reparatursanfall an Fahrzeugen trotz Tag- und Nachtarbeit und Zukommandierung von Professionisten kaum bew\u00e4ltigen. Der zu Anfang der Burgenlandaktion stark f\u00fchlbare Benzinmangel konnte in einigen Wochen behoben worden. Der verh\u00e4ltnism\u00e4\u00dfig gro\u00dfe Benzinverbrauch der alten Subventions-Lastkraftwagen &#8211; fast 1 Liter (0,75 kg) je 1 km &#8211; ergab im Verlaufe der Burgenlandaktion vom 9.IX.1921 bis Mitte Mai 1922 einen Gesamtverbrauch von ca. 450 t.\u201c<br \/>\n(Die Entwicklung des Milit\u00e4r-Kraftfahrwesens in \u00d6sterreich vom M\u00e4rz 1898 bis M\u00e4rz 1938. In: Geschichte der \u00f6sterreichischen Kraftformationen, Wien 1960. S.134)<\/p>\n<\/div><div class=\"fusion-clearfix\"><\/div><\/div><\/div><\/div><\/div>\n","protected":false},"excerpt":{"rendered":"<p>Nach der gescheiterten Landnahme des Burgenlandes durch \u00f6sterreichische Gendarmen und Zollwachbeamten im August 1921 konnte durch das \u201eVenediger Protokoll\u201c die endg\u00fcltige \u00dcbergabe des Burgenlandes erreicht werden. <\/p>\n","protected":false},"author":3,"featured_media":797,"comment_status":"open","ping_status":"open","sticky":false,"template":"","format":"standard","meta":{"footnotes":""},"categories":[278,38],"tags":[114],"class_list":["post-796","post","type-post","status-publish","format-standard","has-post-thumbnail","hentry","category-278","category-westungarn","tag-edlitz"],"_links":{"self":[{"href":"https:\/\/www.brettl.at\/blog\/wp-json\/wp\/v2\/posts\/796","targetHints":{"allow":["GET"]}}],"collection":[{"href":"https:\/\/www.brettl.at\/blog\/wp-json\/wp\/v2\/posts"}],"about":[{"href":"https:\/\/www.brettl.at\/blog\/wp-json\/wp\/v2\/types\/post"}],"author":[{"embeddable":true,"href":"https:\/\/www.brettl.at\/blog\/wp-json\/wp\/v2\/users\/3"}],"replies":[{"embeddable":true,"href":"https:\/\/www.brettl.at\/blog\/wp-json\/wp\/v2\/comments?post=796"}],"version-history":[{"count":6,"href":"https:\/\/www.brettl.at\/blog\/wp-json\/wp\/v2\/posts\/796\/revisions"}],"predecessor-version":[{"id":4395,"href":"https:\/\/www.brettl.at\/blog\/wp-json\/wp\/v2\/posts\/796\/revisions\/4395"}],"wp:featuredmedia":[{"embeddable":true,"href":"https:\/\/www.brettl.at\/blog\/wp-json\/wp\/v2\/media\/797"}],"wp:attachment":[{"href":"https:\/\/www.brettl.at\/blog\/wp-json\/wp\/v2\/media?parent=796"}],"wp:term":[{"taxonomy":"category","embeddable":true,"href":"https:\/\/www.brettl.at\/blog\/wp-json\/wp\/v2\/categories?post=796"},{"taxonomy":"post_tag","embeddable":true,"href":"https:\/\/www.brettl.at\/blog\/wp-json\/wp\/v2\/tags?post=796"}],"curies":[{"name":"wp","href":"https:\/\/api.w.org\/{rel}","templated":true}]}}