{"id":817,"date":"2016-03-27T09:22:51","date_gmt":"2016-03-27T07:22:51","guid":{"rendered":"http:\/\/www.brettl.at\/blog\/?p=817"},"modified":"2024-09-02T16:41:40","modified_gmt":"2024-09-02T14:41:40","slug":"keiner-will-buergermeister-werden","status":"publish","type":"post","link":"https:\/\/www.brettl.at\/blog\/keiner-will-buergermeister-werden\/","title":{"rendered":"Keiner will B\u00fcrgermeister werden"},"content":{"rendered":"<div class=\"fusion-fullwidth fullwidth-box fusion-builder-row-1 nonhundred-percent-fullwidth non-hundred-percent-height-scrolling\" style=\"--awb-background-position:left top;--awb-border-sizes-top:0px;--awb-border-sizes-bottom:0px;--awb-border-sizes-left:0px;--awb-border-sizes-right:0px;--awb-border-radius-top-left:0px;--awb-border-radius-top-right:0px;--awb-border-radius-bottom-right:0px;--awb-border-radius-bottom-left:0px;--awb-padding-top:20px;--awb-padding-right:0px;--awb-padding-bottom:20px;--awb-padding-left:0px;--awb-flex-wrap:wrap;\" ><div class=\"fusion-builder-row fusion-row\"><div class=\"fusion-layout-column fusion_builder_column fusion-builder-column-0 fusion_builder_column_1_1 1_1 fusion-one-full fusion-column-first fusion-column-last fusion-column-no-min-height\" style=\"--awb-bg-size:cover;--awb-margin-bottom:0px;\"><div class=\"fusion-column-wrapper fusion-flex-column-wrapper-legacy\"><div class=\"fusion-text fusion-text-1\"><p><span lang=\"DE-AT\" style=\"font-family: 'Verdana',sans-serif;\"><span style=\"color: #000000;\">Nicht \u00fcberall und zu jeder Zeit wurde das B\u00fcrgermeisteramt gesch\u00e4tzt. Besonders in schwierigen und turbulenten Zeiten, wie beispielsweise 1945, fanden sich nicht immer Bewerber f\u00fcr das \u201eh\u00f6chste Amt im Dorfe\u201c.<br \/>\n<a href=\"http:\/\/www.brettl.at\/wp-content\/uploads\/2016\/03\/Ort.jpg\"><img decoding=\"async\" class=\"alignleft size-medium wp-image-818\" src=\"http:\/\/www.brettl.at\/wp-content\/uploads\/2016\/03\/Ort-300x202.jpg\" alt=\"Ort\" width=\"300\" height=\"202\" srcset=\"https:\/\/www.brettl.at\/wp-content\/uploads\/2016\/03\/Ort-300x202.jpg 300w, https:\/\/www.brettl.at\/wp-content\/uploads\/2016\/03\/Ort.jpg 504w\" sizes=\"(max-width: 300px) 100vw, 300px\" \/><\/a><\/span><\/span><span lang=\"DE-AT\" style=\"font-family: 'Verdana',sans-serif;\"><span style=\"color: #000000;\">\u201eLuising, 5. August 1945<br \/>\n<\/span><\/span><span lang=\"DE-AT\" style=\"font-family: 'Verdana',sans-serif;\"><span style=\"color: #000000;\">Herrn Bezirkshauptmann in F\u00fcrstenfeld.<br \/>\n<\/span><\/span><span lang=\"DE-AT\" style=\"font-family: 'Verdana',sans-serif;\"><span style=\"color: #000000;\">Der neu angemeldete Gemeinderat will bis auf einen, keiner eine Stelle annehmen. Zu einer B\u00fcrgermeisterwahl kam es \u00fcberhaupt nicht. Was soll ich machen. Ich steh mit meiner Frau alleine und bin schon seit 1935 B\u00fcrgermeister. Ich kann es auch nicht mehr l\u00e4nger machen. Der neue Gemeinderat muss ganz einfach gezwungen werden, anders geht es in unserer Gemeinde nicht. Bei uns will keiner nichts leisten. Jeder ist froh, wenn er keine Stelle hat. Bitte den Fall dringend erledigen, denn ich kann es auch nicht mehr l\u00e4nger machen.<br \/>\n<\/span><\/span><span lang=\"DE-AT\" style=\"font-family: 'Verdana',sans-serif;\"><span style=\"color: #000000;\">Bgm. Rudolf Wiener\u201c<br \/>\n<\/span><\/span><span lang=\"DE-AT\" style=\"font-family: 'Verdana',sans-serif;\"><span style=\"color: #000000;\">(BLA, BH G\u00fcssing, Akten 1945, o.z.) <\/span><\/span><\/p>\n<\/div><div class=\"fusion-clearfix\"><\/div><\/div><\/div><\/div><\/div>\n","protected":false},"excerpt":{"rendered":"<p>Nicht \u00fcberall und zu jeder Zeit wurde das B\u00fcrgermeisteramt gesch\u00e4tzt. Besonders in schwierigen und turbulenten Zeiten, wie beispielsweise 1945, fanden sich nicht immer Bewerber f\u00fcr das \u201eh\u00f6chste Amt im Dorfe\u201c. <\/p>\n","protected":false},"author":3,"featured_media":818,"comment_status":"open","ping_status":"open","sticky":false,"template":"","format":"standard","meta":{"footnotes":""},"categories":[278,69],"tags":[115],"class_list":["post-817","post","type-post","status-publish","format-standard","has-post-thumbnail","hentry","category-278","category-besatzungszeit","tag-luising"],"_links":{"self":[{"href":"https:\/\/www.brettl.at\/blog\/wp-json\/wp\/v2\/posts\/817","targetHints":{"allow":["GET"]}}],"collection":[{"href":"https:\/\/www.brettl.at\/blog\/wp-json\/wp\/v2\/posts"}],"about":[{"href":"https:\/\/www.brettl.at\/blog\/wp-json\/wp\/v2\/types\/post"}],"author":[{"embeddable":true,"href":"https:\/\/www.brettl.at\/blog\/wp-json\/wp\/v2\/users\/3"}],"replies":[{"embeddable":true,"href":"https:\/\/www.brettl.at\/blog\/wp-json\/wp\/v2\/comments?post=817"}],"version-history":[{"count":7,"href":"https:\/\/www.brettl.at\/blog\/wp-json\/wp\/v2\/posts\/817\/revisions"}],"predecessor-version":[{"id":4398,"href":"https:\/\/www.brettl.at\/blog\/wp-json\/wp\/v2\/posts\/817\/revisions\/4398"}],"wp:featuredmedia":[{"embeddable":true,"href":"https:\/\/www.brettl.at\/blog\/wp-json\/wp\/v2\/media\/818"}],"wp:attachment":[{"href":"https:\/\/www.brettl.at\/blog\/wp-json\/wp\/v2\/media?parent=817"}],"wp:term":[{"taxonomy":"category","embeddable":true,"href":"https:\/\/www.brettl.at\/blog\/wp-json\/wp\/v2\/categories?post=817"},{"taxonomy":"post_tag","embeddable":true,"href":"https:\/\/www.brettl.at\/blog\/wp-json\/wp\/v2\/tags?post=817"}],"curies":[{"name":"wp","href":"https:\/\/api.w.org\/{rel}","templated":true}]}}