{"id":926,"date":"2016-06-06T14:51:53","date_gmt":"2016-06-06T12:51:53","guid":{"rendered":"http:\/\/www.brettl.at\/blog\/?p=926"},"modified":"2024-09-02T16:46:28","modified_gmt":"2024-09-02T14:46:28","slug":"und-alles-nur-weil-ich-jude-bin","status":"publish","type":"post","link":"https:\/\/www.brettl.at\/blog\/und-alles-nur-weil-ich-jude-bin\/","title":{"rendered":"\u201eUnd alles nur weil ich Jude bin!\u201c"},"content":{"rendered":"<div class=\"fusion-fullwidth fullwidth-box fusion-builder-row-1 nonhundred-percent-fullwidth non-hundred-percent-height-scrolling\" style=\"--awb-background-position:left top;--awb-border-sizes-top:0px;--awb-border-sizes-bottom:0px;--awb-border-sizes-left:0px;--awb-border-sizes-right:0px;--awb-border-radius-top-left:0px;--awb-border-radius-top-right:0px;--awb-border-radius-bottom-right:0px;--awb-border-radius-bottom-left:0px;--awb-padding-top:20px;--awb-padding-right:0px;--awb-padding-bottom:20px;--awb-padding-left:0px;--awb-flex-wrap:wrap;\" ><div class=\"fusion-builder-row fusion-row\"><div class=\"fusion-layout-column fusion_builder_column fusion-builder-column-0 fusion_builder_column_1_1 1_1 fusion-one-full fusion-column-first fusion-column-last fusion-column-no-min-height\" style=\"--awb-bg-size:cover;--awb-margin-bottom:0px;\"><div class=\"fusion-column-wrapper fusion-flex-column-wrapper-legacy\"><div class=\"fusion-text fusion-text-1\"><p>Mit dem Zusammenbruch der Monarchie floh der Gendarm Karl Halaunbrenner aus seiner Heimat Bukowina in die neue Republik \u00d6sterreich. Nach der Angliederung des Burgenlandes wurde er 1922 in das neue Bundesland versetzt, wo er nach mehreren Stationen dem Posten Gro\u00dfpetersdorf zugeteilt wurde, wo man ihn sp\u00e4ter zum Postenkommandanten ernannte. Mit seinem beruflichen Wechsel in das S\u00fcdburgenland begann Karl Halaunbrenner sich zunehmend auch seiner Leidenschaft, der wissenschaftlichen Erforschung der keltischen und r\u00f6mischen Besiedlung der Region, zu widmen. In Zusammenarbeit mit dem burgenl\u00e4ndischen Landesmuseum trug er unz\u00e4hlige Dokumente zusammen und sicherte arch\u00e4ologische Funde.<\/p>\n<div id=\"attachment_929\" style=\"width: 198px\" class=\"wp-caption alignleft\"><a href=\"http:\/\/www.brettl.at\/wp-content\/uploads\/2016\/06\/Halaunbrenner-Kirchfidisch1928-2.jpg\"><img decoding=\"async\" aria-describedby=\"caption-attachment-929\" class=\"size-medium wp-image-929\" src=\"http:\/\/www.brettl.at\/wp-content\/uploads\/2016\/06\/Halaunbrenner-Kirchfidisch1928-2-188x300.jpg\" alt=\"Hlaunbrenner\" width=\"188\" height=\"300\" srcset=\"https:\/\/www.brettl.at\/wp-content\/uploads\/2016\/06\/Halaunbrenner-Kirchfidisch1928-2-188x300.jpg 188w, https:\/\/www.brettl.at\/wp-content\/uploads\/2016\/06\/Halaunbrenner-Kirchfidisch1928-2.jpg 501w\" sizes=\"(max-width: 188px) 100vw, 188px\" \/><\/a><p id=\"caption-attachment-929\" class=\"wp-caption-text\">Karl Halaunbrenner bei einer Fundstelle in Kirchfidisch 1928. (\u00a9 Landesarchiv Burgenland)<\/p><\/div>\n<p>Seine \u00fcber das dienstliche Ausma\u00df hinausreichenden Aktivit\u00e4ten riefen bald den Unmut seiner Kollegen hervor. Es folgten Anschuldigungen und Anzeigen gegen Halaunbrenner, der wegen seiner j\u00fcdischen Herkunft angefeindet wurde. So beklagte er sich 1930 bei seinem Freund und Museumsleiter Dr. Alphons Barb:<em> \u201eDie Intrigen gegen mich, haben noch nicht aufgeh\u00f6rt, indem zur Schande sei es gesagt, Personen welche sich zur Intelligenz z\u00e4hlen vorhanden sind, die nicht glauben wollen, da\u00df ein Jude aus Drang zur Wissenschaft \u00fcber Begebenheiten der Vergangenheit und Freund musealer Sammlungen, aus blosem idealem Grundsatz, ohne Nutzen zu haben, eine solche T\u00e4tigkeit entfalten wird. Es sind Kreise vorhanden, welche in der Meinung leben, da\u00df ich durch den Verkauf irgend welcher Gegenst\u00e4nde, zu Geldmittel gelangt bin, ohne zu wissen, da\u00df ein Scherben &#8211; oder ein sonstiger Gegenstand, doch nur einen landesgeschichtlichen und sonst gar keinen Wert haben. [&#8230;] Ich glaube Herr Doktor werden sich nunmehr vergegenw\u00e4rtigen k\u00f6nnen, unter welchen Verh\u00e4ltnissen ich hier zu leben und zu arbeiten verurteilt bin. Und alles nur weil ich Jude bin!\u201c<br \/>\n<\/em>Bezirksinspektor Karl Halaunbrenner, als gl\u00fchender Gegner der Nationalsozialisten bekannt, wurde noch am gleichen Tage des \u201eAnschlusses\u201c am 12. M\u00e4rz 1938 von der SS verhaftet, schwer misshandelt und in das Konzentrationslager Dachau verschickt, wo er noch im selben Jahr ermordet wurde.<br \/>\n<em>(Quelle: Polster Gert. \u201eIch gedenke schon heute, meinen vierw\u00f6chigen Urlaub [\u2026] in Rechnitz zu vergraben!\u201c Karl Halaunbrenner \u2013 Ein Gendarm als Heimatkundler. In: Kultur Verbindet. Verwaltung. Vermittlung, Visionen. WAB Band 155. Eisenstadt 2015. S.144)<\/em><\/p>\n<\/div><div class=\"fusion-clearfix\"><\/div><\/div><\/div><\/div><\/div>\n","protected":false},"excerpt":{"rendered":"<p>Mit dem Zusammenbruch der Monarchie floh der Gendarm Karl Halaunbrenner aus seiner Heimat Bukowina in die neue Republik \u00d6sterreich. Nach der Angliederung des Burgenlandes wurde er 1922 in das neue Bundesland versetzt, wo er nach mehreren Stationen dem Posten Gro\u00dfpetersdorf zugeteilt wurde. <\/p>\n","protected":false},"author":3,"featured_media":927,"comment_status":"open","ping_status":"open","sticky":false,"template":"","format":"standard","meta":{"footnotes":""},"categories":[278,29],"tags":[120],"class_list":["post-926","post","type-post","status-publish","format-standard","has-post-thumbnail","hentry","category-278","category-judentum","tag-grosspetersdorf"],"_links":{"self":[{"href":"https:\/\/www.brettl.at\/blog\/wp-json\/wp\/v2\/posts\/926","targetHints":{"allow":["GET"]}}],"collection":[{"href":"https:\/\/www.brettl.at\/blog\/wp-json\/wp\/v2\/posts"}],"about":[{"href":"https:\/\/www.brettl.at\/blog\/wp-json\/wp\/v2\/types\/post"}],"author":[{"embeddable":true,"href":"https:\/\/www.brettl.at\/blog\/wp-json\/wp\/v2\/users\/3"}],"replies":[{"embeddable":true,"href":"https:\/\/www.brettl.at\/blog\/wp-json\/wp\/v2\/comments?post=926"}],"version-history":[{"count":5,"href":"https:\/\/www.brettl.at\/blog\/wp-json\/wp\/v2\/posts\/926\/revisions"}],"predecessor-version":[{"id":4414,"href":"https:\/\/www.brettl.at\/blog\/wp-json\/wp\/v2\/posts\/926\/revisions\/4414"}],"wp:featuredmedia":[{"embeddable":true,"href":"https:\/\/www.brettl.at\/blog\/wp-json\/wp\/v2\/media\/927"}],"wp:attachment":[{"href":"https:\/\/www.brettl.at\/blog\/wp-json\/wp\/v2\/media?parent=926"}],"wp:term":[{"taxonomy":"category","embeddable":true,"href":"https:\/\/www.brettl.at\/blog\/wp-json\/wp\/v2\/categories?post=926"},{"taxonomy":"post_tag","embeddable":true,"href":"https:\/\/www.brettl.at\/blog\/wp-json\/wp\/v2\/tags?post=926"}],"curies":[{"name":"wp","href":"https:\/\/api.w.org\/{rel}","templated":true}]}}