{"id":956,"date":"2016-06-21T12:03:05","date_gmt":"2016-06-21T10:03:05","guid":{"rendered":"http:\/\/www.brettl.at\/blog\/?p=956"},"modified":"2024-09-02T16:46:50","modified_gmt":"2024-09-02T14:46:50","slug":"hilfe-fuer-ungarische-deserteure","status":"publish","type":"post","link":"https:\/\/www.brettl.at\/blog\/hilfe-fuer-ungarische-deserteure\/","title":{"rendered":"Hilfe f\u00fcr \u201eungarische Deserteure\u201c"},"content":{"rendered":"<div class=\"fusion-fullwidth fullwidth-box fusion-builder-row-1 nonhundred-percent-fullwidth non-hundred-percent-height-scrolling\" style=\"--awb-background-position:left top;--awb-border-sizes-top:0px;--awb-border-sizes-bottom:0px;--awb-border-sizes-left:0px;--awb-border-sizes-right:0px;--awb-border-radius-top-left:0px;--awb-border-radius-top-right:0px;--awb-border-radius-bottom-right:0px;--awb-border-radius-bottom-left:0px;--awb-padding-top:20px;--awb-padding-right:0px;--awb-padding-bottom:20px;--awb-padding-left:0px;--awb-flex-wrap:wrap;\" ><div class=\"fusion-builder-row fusion-row\"><div class=\"fusion-layout-column fusion_builder_column fusion-builder-column-0 fusion_builder_column_1_1 1_1 fusion-one-full fusion-column-first fusion-column-last fusion-column-no-min-height\" style=\"--awb-bg-size:cover;--awb-margin-bottom:0px;\"><div class=\"fusion-column-wrapper fusion-flex-column-wrapper-legacy\"><div class=\"fusion-text fusion-text-1\"><p>Im Fr\u00fchjahr 1848 erfasste die revolution\u00e4re Stimmung auch Ungarn. Die Unzufriedenheit im wirtschaftlichen und sozialen Bereich gegen\u00fcber der Wiener Zentralregierung wuchs immer mehr. Forderungen nach einer ungarischen Regierung, Abschaffung der Untert\u00e4nigkeit und Aufhebung der Steuerfreiheit des Adels wurden erhoben. Noch im M\u00e4rz 1848 wurde Ungarn in eine konstitutionelle Monarchie umgewandelt. Kaiserliche Truppen wirkten der Revolution entgegen. Auch Westungarn wurde bald in den Konflikt mit hineingezogen. So tauchten im Mai 1848 \u201eungarische Deserteure\u201c in der Wart auf und erhielten Unterst\u00fctzung von der \u00f6rtlichen Bev\u00f6lkerung. Das kaisertreue Milit\u00e4r schlug bald zur\u00fcck.<\/p>\n<div id=\"attachment_958\" style=\"width: 310px\" class=\"wp-caption alignleft\"><a href=\"http:\/\/www.brettl.at\/wp-content\/uploads\/2016\/06\/rechnitz-denkmal-1848.jpg\"><img decoding=\"async\" aria-describedby=\"caption-attachment-958\" class=\"size-medium wp-image-958\" src=\"http:\/\/www.brettl.at\/wp-content\/uploads\/2016\/06\/rechnitz-denkmal-1848-300x187.jpg\" alt=\"\u201e1848-Denkmal\u201c in Rechnitz (\u00a9 Brettl, Halbturn)\" width=\"300\" height=\"187\" srcset=\"https:\/\/www.brettl.at\/wp-content\/uploads\/2016\/06\/rechnitz-denkmal-1848-300x187.jpg 300w, https:\/\/www.brettl.at\/wp-content\/uploads\/2016\/06\/rechnitz-denkmal-1848.jpg 450w\" sizes=\"(max-width: 300px) 100vw, 300px\" \/><\/a><p id=\"caption-attachment-958\" class=\"wp-caption-text\">\u201e1848-Denkmal\u201c in Rechnitz (\u00a9 Brettl, Halbturn)<\/p><\/div>\n<p>Die von Joseph Michael Weinhofer, kath. Pfarrer von Pinkafeld, verfasste Chronik berichtet \u00fcber den \u201eOberwarter Vorfall\u201c: \u201eMehrere Hundert Palatinal Husaren, die in Linz stationiert waren, wurden treubr\u00fcchig und eilten nach Ungarn. Ein Teil wurde in Bruck a.d. Mur gefangen, ein anderer kam \u00fcber Pinkafeld nach Oberwart. Die exaltierten Warther Edelleute schlossen sich den Deserteuren an. Von Pinkafeld r\u00fcckte das Milit\u00e4r, das kaisertreu geblieben war, unter dem Grafen Althan nach Oberwart und z\u00fcchtigte die Emp\u00f6rer. Die R\u00e4delsf\u00fchrer wurden mit Stockstreichen bestraft, aller Entflohenen H\u00e4user gepl\u00fcndert und dem Ort 20.000 fl. C.M. Brandsteuer auferlegt. Graf Stephan Erd\u00f6dy von Rotenturm streckte dem geldarmen Ort die Summe vor. Vom k.u.k. Milit\u00e4r wurde bei der geringsten revolution\u00e4ren Bewegung das Niederbrennen des Ortes angedroht.\u201c<br \/>\n(Schlag Gerald. Die Revolution 1848 in den burgenl\u00e4ndischen D\u00f6rfern \u2013 im Spiegel von lokalen Chroniken und Memoiren. In: Die Revolution von 1848\/49 im \u00f6sterreichisch-ungarischen Grenzraum. WAB 94, Eisenstadt 1996, S.135)<\/p>\n<\/div><div class=\"fusion-clearfix\"><\/div><\/div><\/div><\/div><\/div>\n","protected":false},"excerpt":{"rendered":"<p>Im Fr\u00fchjahr 1848 erfasste die revolution\u00e4re Stimmung auch Ungarn. Die Unzufriedenheit im wirtschaftlichen und sozialen Bereich gegen\u00fcber der Wiener Zentralregierung wuchs immer mehr. <\/p>\n","protected":false},"author":3,"featured_media":958,"comment_status":"open","ping_status":"open","sticky":false,"template":"","format":"standard","meta":{"footnotes":""},"categories":[278,38],"tags":[85],"class_list":["post-956","post","type-post","status-publish","format-standard","has-post-thumbnail","hentry","category-278","category-westungarn","tag-pinkafeld"],"_links":{"self":[{"href":"https:\/\/www.brettl.at\/blog\/wp-json\/wp\/v2\/posts\/956","targetHints":{"allow":["GET"]}}],"collection":[{"href":"https:\/\/www.brettl.at\/blog\/wp-json\/wp\/v2\/posts"}],"about":[{"href":"https:\/\/www.brettl.at\/blog\/wp-json\/wp\/v2\/types\/post"}],"author":[{"embeddable":true,"href":"https:\/\/www.brettl.at\/blog\/wp-json\/wp\/v2\/users\/3"}],"replies":[{"embeddable":true,"href":"https:\/\/www.brettl.at\/blog\/wp-json\/wp\/v2\/comments?post=956"}],"version-history":[{"count":4,"href":"https:\/\/www.brettl.at\/blog\/wp-json\/wp\/v2\/posts\/956\/revisions"}],"predecessor-version":[{"id":4418,"href":"https:\/\/www.brettl.at\/blog\/wp-json\/wp\/v2\/posts\/956\/revisions\/4418"}],"wp:featuredmedia":[{"embeddable":true,"href":"https:\/\/www.brettl.at\/blog\/wp-json\/wp\/v2\/media\/958"}],"wp:attachment":[{"href":"https:\/\/www.brettl.at\/blog\/wp-json\/wp\/v2\/media?parent=956"}],"wp:term":[{"taxonomy":"category","embeddable":true,"href":"https:\/\/www.brettl.at\/blog\/wp-json\/wp\/v2\/categories?post=956"},{"taxonomy":"post_tag","embeddable":true,"href":"https:\/\/www.brettl.at\/blog\/wp-json\/wp\/v2\/tags?post=956"}],"curies":[{"name":"wp","href":"https:\/\/api.w.org\/{rel}","templated":true}]}}