{"id":980,"date":"2016-07-09T10:30:34","date_gmt":"2016-07-09T08:30:34","guid":{"rendered":"http:\/\/www.brettl.at\/blog\/?p=980"},"modified":"2024-09-02T16:47:15","modified_gmt":"2024-09-02T14:47:15","slug":"ein-noergelnder-preuss-im-nordburgenland","status":"publish","type":"post","link":"https:\/\/www.brettl.at\/blog\/ein-noergelnder-preuss-im-nordburgenland\/","title":{"rendered":"Ein n\u00f6rgelnder Preu\u00df\u00b4 im Nordburgenland"},"content":{"rendered":"<div class=\"fusion-fullwidth fullwidth-box fusion-builder-row-1 nonhundred-percent-fullwidth non-hundred-percent-height-scrolling\" style=\"--awb-background-position:left top;--awb-border-sizes-top:0px;--awb-border-sizes-bottom:0px;--awb-border-sizes-left:0px;--awb-border-sizes-right:0px;--awb-border-radius-top-left:0px;--awb-border-radius-top-right:0px;--awb-border-radius-bottom-right:0px;--awb-border-radius-bottom-left:0px;--awb-padding-top:20px;--awb-padding-right:0px;--awb-padding-bottom:20px;--awb-padding-left:0px;--awb-flex-wrap:wrap;\" ><div class=\"fusion-builder-row fusion-row\"><div class=\"fusion-layout-column fusion_builder_column fusion-builder-column-0 fusion_builder_column_1_1 1_1 fusion-one-full fusion-column-first fusion-column-last fusion-column-no-min-height\" style=\"--awb-bg-size:cover;--awb-margin-bottom:0px;\"><div class=\"fusion-column-wrapper fusion-flex-column-wrapper-legacy\"><div class=\"fusion-text fusion-text-1\"><p><span lang=\"DE-AT\" style=\"font-family: 'Verdana',sans-serif; font-size: 11pt;\"><span style=\"color: #000000;\">Im Jahre 1798 reiste der preu\u00dfische Dichter Ernst Moritz Arndt durch Westungarn. Eine echte Begeisterung ist seinem Reisebericht nicht zu entnehmen:<br \/>\n<\/span><\/span><span lang=\"DE-AT\" style=\"font-family: 'Verdana',sans-serif; font-size: 11pt;\"><span style=\"color: #000000;\">\u201eWir kamen in Halbthurn an, einem Gut des Palatinus, wo wir in der staatlichen Schenke ein Mittagsmahl anschafften. Aber dies geriet uns schlecht, weil Braten und Fleisch durchaus mit Zwiebeln und Knoblauch zu reichlich versehen und gespickt waren. [\u2026]\u201c<br \/>\n<\/span><\/span><span lang=\"DE-AT\" style=\"font-family: 'Verdana',sans-serif; font-size: 11pt;\"><span style=\"color: #000000;\">\u00dcber Neusiedl am See: \u201eIch wei\u00df von diesem k\u00fcmmerlichen Nest nichts weiter zu sagen, als da\u00df sein scheu\u00dfliches Pflaster alle unsere Schl\u00e4fer pl\u00f6tzlich lebendig machte. [\u2026]\u201c<br \/>\n<a href=\"http:\/\/www.brettl.at\/wp-content\/uploads\/2016\/07\/arndt.jpg\"><img decoding=\"async\" class=\"alignleft size-medium wp-image-981\" src=\"http:\/\/www.brettl.at\/wp-content\/uploads\/2016\/07\/arndt-300x169.jpg\" alt=\"Moritz Arndt\" width=\"300\" height=\"169\" srcset=\"https:\/\/www.brettl.at\/wp-content\/uploads\/2016\/07\/arndt-300x169.jpg 300w, https:\/\/www.brettl.at\/wp-content\/uploads\/2016\/07\/arndt.jpg 800w\" sizes=\"(max-width: 300px) 100vw, 300px\" \/><\/a><\/span><\/span><span lang=\"DE-AT\" style=\"font-family: 'Verdana',sans-serif; font-size: 11pt;\"><span style=\"color: #000000;\">\u201eUm zehn Uhr abends waren wir in Eisenstadt, konnten keiner Suppe habhaft werden, und mu\u00dften also Braten und Wein anschaffen. Aber wir waren wieder gefoppte Strapazi, denn der Wein war trotz der Traube, die das Gasthaus im Schild f\u00fchrte, sauer und der Braten wieder mit Knoblauch verdorben. So werfen wir uns m\u00fcde und halb hungrig und durstig aufs Lager.\u201c [\u2026] Ich hatte hier Gelegenheit, die letzte Probe mit einem ungarischen Barbier zu machen, den ich freilich sogleich h\u00e4tte fortjagen sollen, weil er hinter den Ohren noch nicht recht trocken war. Weil ich nun aber eine gutherzige Kreatur bin, so lie\u00df ich mich lieber, um den Burschen nicht verzagt zu machen, von ihm schinden, und war am Ende doch so ungleich begrast wie ein schlecht gem\u00e4htes Stoppelfeld; dieser also verdarb die gute Sache der ungarischen Bartk\u00fcnster, die einem stattlichen Bart zweimal die Tonsur geben, dann ihn pudern und endlich mit balsamischen \u00d6l bestreichen.\u201c <\/span><\/span><span lang=\"DE-AT\" style=\"font-family: 'Verdana',sans-serif; font-size: 9pt;\"><span style=\"color: #000000;\">(Aus: Samstag Nr. 52 vom 24. Dezember 1960) <\/span><\/span><\/p>\n<\/div><div class=\"fusion-clearfix\"><\/div><\/div><\/div><\/div><\/div>\n","protected":false},"excerpt":{"rendered":"<p>Im Jahre 1798 reiste der preu\u00dfische Dichter Ernst Moritz Arndt durch Westungarn. Eine echte Begeisterung ist seinem Reisebericht nicht zu entnehmen.<\/p>\n","protected":false},"author":3,"featured_media":981,"comment_status":"open","ping_status":"open","sticky":false,"template":"","format":"standard","meta":{"footnotes":""},"categories":[278,38],"tags":[54,43,122],"class_list":["post-980","post","type-post","status-publish","format-standard","has-post-thumbnail","hentry","category-278","category-westungarn","tag-eisenstadt","tag-halbturn","tag-neusiedl-am-see"],"_links":{"self":[{"href":"https:\/\/www.brettl.at\/blog\/wp-json\/wp\/v2\/posts\/980","targetHints":{"allow":["GET"]}}],"collection":[{"href":"https:\/\/www.brettl.at\/blog\/wp-json\/wp\/v2\/posts"}],"about":[{"href":"https:\/\/www.brettl.at\/blog\/wp-json\/wp\/v2\/types\/post"}],"author":[{"embeddable":true,"href":"https:\/\/www.brettl.at\/blog\/wp-json\/wp\/v2\/users\/3"}],"replies":[{"embeddable":true,"href":"https:\/\/www.brettl.at\/blog\/wp-json\/wp\/v2\/comments?post=980"}],"version-history":[{"count":5,"href":"https:\/\/www.brettl.at\/blog\/wp-json\/wp\/v2\/posts\/980\/revisions"}],"predecessor-version":[{"id":4421,"href":"https:\/\/www.brettl.at\/blog\/wp-json\/wp\/v2\/posts\/980\/revisions\/4421"}],"wp:featuredmedia":[{"embeddable":true,"href":"https:\/\/www.brettl.at\/blog\/wp-json\/wp\/v2\/media\/981"}],"wp:attachment":[{"href":"https:\/\/www.brettl.at\/blog\/wp-json\/wp\/v2\/media?parent=980"}],"wp:term":[{"taxonomy":"category","embeddable":true,"href":"https:\/\/www.brettl.at\/blog\/wp-json\/wp\/v2\/categories?post=980"},{"taxonomy":"post_tag","embeddable":true,"href":"https:\/\/www.brettl.at\/blog\/wp-json\/wp\/v2\/tags?post=980"}],"curies":[{"name":"wp","href":"https:\/\/api.w.org\/{rel}","templated":true}]}}